{"id":1025,"date":"2015-02-07T12:46:02","date_gmt":"2015-02-07T10:46:02","guid":{"rendered":"http:\/\/www.marsulpentruviata.ro\/?p=1025"},"modified":"2016-03-19T20:48:09","modified_gmt":"2016-03-19T20:48:09","slug":"castigatorii-concursului-fotografia-marsului-pentru-viata-2014-adoptia-o-alegere-nobila","status":"publish","type":"post","link":"http:\/\/www.marsulpentruviata.md\/en\/castigatorii-concursului-fotografia-marsului-pentru-viata-2014-adoptia-o-alegere-nobila\/","title":{"rendered":"C\u00e2\u0219tig\u0103torii concursului: Fotografia Mar\u0219ului pentru via\u021b\u0103 2014 \u2013 \u201eAdop\u021bia, o alegere nobil\u0103\u201d"},"content":{"rendered":"<p><strong>1 Lidia M\u0103gureanu<\/strong><\/p>\n<p>La Mar\u0219ul pentru via\u021b\u0103 de la Deva, baloanele albe au reprezentat sufletele nevinovate ale copila\u0219ilor avorta\u021bi, care \u00een urma rug\u0103ciunilor \u00een\u0103l\u021bate \u00een fa\u021ba spitalului jude\u021bean si-au luat zborul spre cer.<\/p>\n<p style=\"text-align: center;\"><a href=\"http:\/\/marsulpentruviata.md\/wp-content\/uploads\/2015\/02\/IMG_0823.jpg\"><img loading=\"lazy\" decoding=\"async\" class=\"aligncenter  wp-image-1026\" src=\"http:\/\/marsulpentruviata.md\/wp-content\/uploads\/2015\/02\/IMG_0823-1024x682.jpg\" alt=\"IMG_0823\" width=\"338\" height=\"224\" \/><\/a> <a href=\"http:\/\/marsulpentruviata.md\/wp-content\/uploads\/2015\/02\/10179_629108903826564_315933695_n.jpg\"><img loading=\"lazy\" decoding=\"async\" class=\"aligncenter  wp-image-1027\" src=\"http:\/\/marsulpentruviata.md\/wp-content\/uploads\/2015\/02\/10179_629108903826564_315933695_n.jpg\" alt=\"10179_629108903826564_315933695_n\" width=\"340\" height=\"255\" \/><\/a> <a href=\"http:\/\/marsulpentruviata.md\/wp-content\/uploads\/2015\/02\/1452090_629534000450721_1005042364_n.jpg\"><img loading=\"lazy\" decoding=\"async\" class=\"aligncenter  wp-image-1028\" src=\"http:\/\/marsulpentruviata.md\/wp-content\/uploads\/2015\/02\/1452090_629534000450721_1005042364_n.jpg\" alt=\"1452090_629534000450721_1005042364_n\" width=\"336\" height=\"223\" \/><\/a> <a href=\"http:\/\/marsulpentruviata.md\/wp-content\/uploads\/2015\/02\/1526260_630523820351739_331417524_n.jpg\"><img loading=\"lazy\" decoding=\"async\" class=\"aligncenter  wp-image-1029\" src=\"http:\/\/marsulpentruviata.md\/wp-content\/uploads\/2015\/02\/1526260_630523820351739_331417524_n.jpg\" alt=\"1526260_630523820351739_331417524_n\" width=\"347\" height=\"304\" \/><\/a> <a href=\"http:\/\/marsulpentruviata.md\/wp-content\/uploads\/2015\/02\/1799022_541809662605661_251667796_o.jpg\"><img loading=\"lazy\" decoding=\"async\" class=\"aligncenter  wp-image-1030\" src=\"http:\/\/marsulpentruviata.md\/wp-content\/uploads\/2015\/02\/1799022_541809662605661_251667796_o-1024x768.jpg\" alt=\"1799022_541809662605661_251667796_o\" width=\"352\" height=\"263\" \/><\/a> <a href=\"http:\/\/marsulpentruviata.md\/wp-content\/uploads\/2015\/02\/1926914_716167428433925_1506809479_n.jpg\"><img loading=\"lazy\" decoding=\"async\" class=\"aligncenter  wp-image-1031\" src=\"http:\/\/marsulpentruviata.md\/wp-content\/uploads\/2015\/02\/1926914_716167428433925_1506809479_n.jpg\" alt=\"1926914_716167428433925_1506809479_n\" width=\"356\" height=\"200\" \/><\/a> <a href=\"http:\/\/marsulpentruviata.md\/wp-content\/uploads\/2015\/02\/1970494_630522880351833_327855834_n.jpg\"><img loading=\"lazy\" decoding=\"async\" class=\"aligncenter  wp-image-1032\" src=\"http:\/\/marsulpentruviata.md\/wp-content\/uploads\/2015\/02\/1970494_630522880351833_327855834_n.jpg\" alt=\"1970494_630522880351833_327855834_n\" width=\"353\" height=\"469\" \/><\/a> <a href=\"http:\/\/marsulpentruviata.md\/wp-content\/uploads\/2015\/02\/10011454_716167511767250_272295001_n.jpg\"><img loading=\"lazy\" decoding=\"async\" class=\"aligncenter  wp-image-1033\" src=\"http:\/\/marsulpentruviata.md\/wp-content\/uploads\/2015\/02\/10011454_716167511767250_272295001_n.jpg\" alt=\"10011454_716167511767250_272295001_n\" width=\"361\" height=\"240\" \/><\/a> <a href=\"http:\/\/marsulpentruviata.md\/wp-content\/uploads\/2015\/02\/dsc07811.jpg\"><img loading=\"lazy\" decoding=\"async\" class=\"aligncenter  wp-image-1034\" src=\"http:\/\/marsulpentruviata.md\/wp-content\/uploads\/2015\/02\/dsc07811.jpg\" alt=\"dsc07811\" width=\"412\" height=\"308\" \/><\/a> <a href=\"http:\/\/marsulpentruviata.md\/wp-content\/uploads\/2015\/02\/dsc07814.jpg\"><img loading=\"lazy\" decoding=\"async\" class=\"aligncenter  wp-image-1035\" src=\"http:\/\/marsulpentruviata.md\/wp-content\/uploads\/2015\/02\/dsc07814.jpg\" alt=\"dsc07814\" width=\"413\" height=\"309\" \/><\/a> <a href=\"http:\/\/marsulpentruviata.md\/wp-content\/uploads\/2015\/02\/dsc07815.jpg\"><img loading=\"lazy\" decoding=\"async\" class=\"aligncenter  wp-image-1036\" src=\"http:\/\/marsulpentruviata.md\/wp-content\/uploads\/2015\/02\/dsc07815.jpg\" alt=\"dsc07815\" width=\"414\" height=\"309\" \/><\/a> <a href=\"http:\/\/marsulpentruviata.md\/wp-content\/uploads\/2015\/02\/dsc07818.jpg\"><img loading=\"lazy\" decoding=\"async\" class=\"aligncenter  wp-image-1037\" src=\"http:\/\/marsulpentruviata.md\/wp-content\/uploads\/2015\/02\/dsc07818.jpg\" alt=\"dsc07818\" width=\"411\" height=\"307\" \/><\/a> <a href=\"http:\/\/marsulpentruviata.md\/wp-content\/uploads\/2015\/02\/dsc07837.jpg\"><img loading=\"lazy\" decoding=\"async\" class=\"aligncenter  wp-image-1038\" src=\"http:\/\/marsulpentruviata.md\/wp-content\/uploads\/2015\/02\/dsc07837.jpg\" alt=\"dsc07837\" width=\"415\" height=\"310\" \/><\/a> <a href=\"http:\/\/marsulpentruviata.md\/wp-content\/uploads\/2015\/02\/IMG_0715.jpg\"><img loading=\"lazy\" decoding=\"async\" class=\"aligncenter  wp-image-1039\" src=\"http:\/\/marsulpentruviata.md\/wp-content\/uploads\/2015\/02\/IMG_0715-1024x682.jpg\" alt=\"IMG_0715\" width=\"396\" height=\"263\" \/><\/a> <a href=\"http:\/\/marsulpentruviata.md\/wp-content\/uploads\/2015\/02\/IMG_0757.jpg\"><img loading=\"lazy\" decoding=\"async\" class=\"aligncenter  wp-image-1040\" src=\"http:\/\/marsulpentruviata.md\/wp-content\/uploads\/2015\/02\/IMG_0757-1024x682.jpg\" alt=\"IMG_0757\" width=\"387\" height=\"257\" \/><\/a> <a href=\"http:\/\/marsulpentruviata.md\/wp-content\/uploads\/2015\/02\/IMG_0766.jpg\"><img loading=\"lazy\" decoding=\"async\" class=\"aligncenter  wp-image-1041\" src=\"http:\/\/marsulpentruviata.md\/wp-content\/uploads\/2015\/02\/IMG_0766-1024x682.jpg\" alt=\"IMG_0766\" width=\"392\" height=\"259\" \/><\/a> <a href=\"http:\/\/marsulpentruviata.md\/wp-content\/uploads\/2015\/02\/IMG_0770.jpg\"><img loading=\"lazy\" decoding=\"async\" class=\"aligncenter  wp-image-1042\" src=\"http:\/\/marsulpentruviata.md\/wp-content\/uploads\/2015\/02\/IMG_0770-1024x682.jpg\" alt=\"IMG_0770\" width=\"398\" height=\"265\" \/><\/a> <a href=\"http:\/\/marsulpentruviata.md\/wp-content\/uploads\/2015\/02\/IMG_0784.jpg\"><img loading=\"lazy\" decoding=\"async\" class=\"aligncenter  wp-image-1043\" src=\"http:\/\/marsulpentruviata.md\/wp-content\/uploads\/2015\/02\/IMG_0784-1024x682.jpg\" alt=\"IMG_0784\" width=\"406\" height=\"270\" \/><\/a><\/p>\n<p style=\"text-align: left;\"><strong>2. Ovidiana Bulumac<\/strong><\/p>\n<p style=\"text-align: center;\"><a href=\"http:\/\/marsulpentruviata.md\/wp-content\/uploads\/2015\/02\/BeFunky_BeFunky_Chromatic_1.jpg.jpg\"><img loading=\"lazy\" decoding=\"async\" class=\"aligncenter  wp-image-1045\" src=\"http:\/\/marsulpentruviata.md\/wp-content\/uploads\/2015\/02\/BeFunky_BeFunky_Chromatic_1.jpg-1024x605.jpg\" alt=\"BeFunky_BeFunky_Chromatic_1.jpg\" width=\"471\" height=\"278\" \/><\/a><\/p>\n<p style=\"text-align: left;\"><strong>3. Iani Veronica<\/strong><\/p>\n<p style=\"text-align: center;\">\u00a0<a href=\"http:\/\/marsulpentruviata.md\/wp-content\/uploads\/2015\/02\/IMG_92212.jpg\"><img loading=\"lazy\" decoding=\"async\" class=\"aligncenter  wp-image-1048\" src=\"http:\/\/marsulpentruviata.md\/wp-content\/uploads\/2015\/02\/IMG_92212-682x1024.jpg\" alt=\"IMG_9221\" width=\"288\" height=\"433\" \/><\/a><\/p>\n<p style=\"text-align: center;\"><a href=\"http:\/\/marsulpentruviata.md\/wp-content\/uploads\/2015\/02\/IMG_9222.jpg\"><img loading=\"lazy\" decoding=\"async\" class=\"aligncenter  wp-image-1049\" src=\"http:\/\/marsulpentruviata.md\/wp-content\/uploads\/2015\/02\/IMG_9222-682x1024.jpg\" alt=\"IMG_9222\" width=\"294\" height=\"442\" \/><\/a><\/p>","protected":false},"excerpt":{"rendered":"<p>1 Lidia M\u0103gureanu La Mar\u0219ul pentru via\u021b\u0103 de la Deva, baloanele albe au reprezentat sufletele nevinovate ale copila\u0219ilor avorta\u021bi, care \u00een urma rug\u0103ciunilor \u00een\u0103l\u021bate \u00een fa\u021ba spitalului jude\u021bean si-au luat zborul spre cer. 2. Ovidiana Bulumac 3. Iani Veronica \u00a0<\/p>","protected":false},"author":2,"featured_media":0,"comment_status":"open","ping_status":"open","sticky":false,"template":"","format":"standard","meta":{"jetpack_post_was_ever_published":false,"_jetpack_newsletter_access":"","_jetpack_dont_email_post_to_subs":false,"_jetpack_newsletter_tier_id":0,"_jetpack_memberships_contains_paywalled_content":false,"_jetpack_memberships_contains_paid_content":false,"footnotes":""},"categories":[6],"tags":[16,71,145,169],"class_list":["post-1025","post","type-post","status-publish","format-standard","hentry","category-editia-2014","tag-adoptia","tag-concurs-foto","tag-marsul-pentru-viata","tag-o-alegere-nobila"],"yoast_head":"<!-- This site is optimized with the Yoast SEO plugin v27.5 - https:\/\/yoast.com\/product\/yoast-seo-wordpress\/ -->\n<title>C\u00e2\u0219tig\u0103torii concursului: Fotografia Mar\u0219ului pentru via\u021b\u0103 2014 \u2013 \u201eAdop\u021bia, o alegere nobil\u0103\u201d - Mar\u0219ul pentru via\u021b\u0103<\/title>\n<meta name=\"robots\" content=\"index, follow, max-snippet:-1, max-image-preview:large, max-video-preview:-1\" \/>\n<link rel=\"canonical\" href=\"http:\/\/www.marsulpentruviata.md\/en\/castigatorii-concursului-fotografia-marsului-pentru-viata-2014-adoptia-o-alegere-nobila\/\" \/>\n<meta property=\"og:locale\" content=\"en_US\" \/>\n<meta property=\"og:type\" content=\"article\" \/>\n<meta property=\"og:title\" content=\"C\u00e2\u0219tig\u0103torii concursului: Fotografia Mar\u0219ului pentru via\u021b\u0103 2014 \u2013 \u201eAdop\u021bia, o alegere nobil\u0103\u201d - Mar\u0219ul pentru via\u021b\u0103\" \/>\n<meta property=\"og:description\" content=\"1 Lidia M\u0103gureanu La Mar\u0219ul pentru via\u021b\u0103 de la Deva, baloanele albe au reprezentat sufletele nevinovate ale copila\u0219ilor avorta\u021bi, care \u00een urma rug\u0103ciunilor \u00een\u0103l\u021bate \u00een fa\u021ba spitalului jude\u021bean si-au luat zborul spre cer. 2. Ovidiana Bulumac 3. Iani Veronica \u00a0\" \/>\n<meta property=\"og:url\" content=\"http:\/\/www.marsulpentruviata.md\/en\/castigatorii-concursului-fotografia-marsului-pentru-viata-2014-adoptia-o-alegere-nobila\/\" \/>\n<meta property=\"og:site_name\" content=\"Mar\u0219ul pentru via\u021b\u0103\" \/>\n<meta property=\"article:published_time\" content=\"2015-02-07T10:46:02+00:00\" \/>\n<meta property=\"article:modified_time\" content=\"2016-03-19T20:48:09+00:00\" \/>\n<meta property=\"og:image\" content=\"http:\/\/marsulpentruviata.md\/wp-content\/uploads\/2015\/02\/IMG_0823-1024x682.jpg\" \/>\n<meta name=\"author\" content=\"mpv2016\" \/>\n<meta name=\"twitter:card\" content=\"summary_large_image\" \/>\n<meta name=\"twitter:label1\" content=\"Written by\" \/>\n\t<meta name=\"twitter:data1\" content=\"mpv2016\" \/>\n<script type=\"application\/ld+json\" class=\"yoast-schema-graph\">{\"@context\":\"https:\\\/\\\/schema.org\",\"@graph\":[{\"@type\":\"Article\",\"@id\":\"http:\\\/\\\/www.marsulpentruviata.md\\\/en\\\/castigatorii-concursului-fotografia-marsului-pentru-viata-2014-adoptia-o-alegere-nobila\\\/#article\",\"isPartOf\":{\"@id\":\"http:\\\/\\\/www.marsulpentruviata.md\\\/en\\\/castigatorii-concursului-fotografia-marsului-pentru-viata-2014-adoptia-o-alegere-nobila\\\/\"},\"author\":{\"name\":\"mpv2016\",\"@id\":\"http:\\\/\\\/www.marsulpentruviata.md\\\/#\\\/schema\\\/person\\\/6b5d53acdff44eda0df653103ffb92a3\"},\"headline\":\"C\u00e2\u0219tig\u0103torii concursului: Fotografia Mar\u0219ului pentru via\u021b\u0103 2014 \u2013 \u201eAdop\u021bia, o alegere nobil\u0103\u201d\",\"datePublished\":\"2015-02-07T10:46:02+00:00\",\"dateModified\":\"2016-03-19T20:48:09+00:00\",\"mainEntityOfPage\":{\"@id\":\"http:\\\/\\\/www.marsulpentruviata.md\\\/en\\\/castigatorii-concursului-fotografia-marsului-pentru-viata-2014-adoptia-o-alegere-nobila\\\/\"},\"wordCount\":59,\"commentCount\":0,\"image\":{\"@id\":\"http:\\\/\\\/www.marsulpentruviata.md\\\/en\\\/castigatorii-concursului-fotografia-marsului-pentru-viata-2014-adoptia-o-alegere-nobila\\\/#primaryimage\"},\"thumbnailUrl\":\"http:\\\/\\\/marsulpentruviata.md\\\/wp-content\\\/uploads\\\/2015\\\/02\\\/IMG_0823-1024x682.jpg\",\"keywords\":[\"adop\u0163ia\",\"concurs foto\",\"Mar\u015ful pentru via\u0163\u0103\",\"o alegere nobil\u0103\u201d\"],\"articleSection\":[\"Edi\u021bia 2014\"],\"inLanguage\":\"en-US\",\"potentialAction\":[{\"@type\":\"CommentAction\",\"name\":\"Comment\",\"target\":[\"http:\\\/\\\/www.marsulpentruviata.md\\\/en\\\/castigatorii-concursului-fotografia-marsului-pentru-viata-2014-adoptia-o-alegere-nobila\\\/#respond\"]}]},{\"@type\":\"WebPage\",\"@id\":\"http:\\\/\\\/www.marsulpentruviata.md\\\/en\\\/castigatorii-concursului-fotografia-marsului-pentru-viata-2014-adoptia-o-alegere-nobila\\\/\",\"url\":\"http:\\\/\\\/www.marsulpentruviata.md\\\/en\\\/castigatorii-concursului-fotografia-marsului-pentru-viata-2014-adoptia-o-alegere-nobila\\\/\",\"name\":\"C\u00e2\u0219tig\u0103torii concursului: Fotografia Mar\u0219ului pentru via\u021b\u0103 2014 \u2013 \u201eAdop\u021bia, o alegere nobil\u0103\u201d - Mar\u0219ul pentru via\u021b\u0103\",\"isPartOf\":{\"@id\":\"http:\\\/\\\/www.marsulpentruviata.md\\\/#website\"},\"primaryImageOfPage\":{\"@id\":\"http:\\\/\\\/www.marsulpentruviata.md\\\/en\\\/castigatorii-concursului-fotografia-marsului-pentru-viata-2014-adoptia-o-alegere-nobila\\\/#primaryimage\"},\"image\":{\"@id\":\"http:\\\/\\\/www.marsulpentruviata.md\\\/en\\\/castigatorii-concursului-fotografia-marsului-pentru-viata-2014-adoptia-o-alegere-nobila\\\/#primaryimage\"},\"thumbnailUrl\":\"http:\\\/\\\/marsulpentruviata.md\\\/wp-content\\\/uploads\\\/2015\\\/02\\\/IMG_0823-1024x682.jpg\",\"datePublished\":\"2015-02-07T10:46:02+00:00\",\"dateModified\":\"2016-03-19T20:48:09+00:00\",\"author\":{\"@id\":\"http:\\\/\\\/www.marsulpentruviata.md\\\/#\\\/schema\\\/person\\\/6b5d53acdff44eda0df653103ffb92a3\"},\"breadcrumb\":{\"@id\":\"http:\\\/\\\/www.marsulpentruviata.md\\\/en\\\/castigatorii-concursului-fotografia-marsului-pentru-viata-2014-adoptia-o-alegere-nobila\\\/#breadcrumb\"},\"inLanguage\":\"en-US\",\"potentialAction\":[{\"@type\":\"ReadAction\",\"target\":[\"http:\\\/\\\/www.marsulpentruviata.md\\\/en\\\/castigatorii-concursului-fotografia-marsului-pentru-viata-2014-adoptia-o-alegere-nobila\\\/\"]}]},{\"@type\":\"ImageObject\",\"inLanguage\":\"en-US\",\"@id\":\"http:\\\/\\\/www.marsulpentruviata.md\\\/en\\\/castigatorii-concursului-fotografia-marsului-pentru-viata-2014-adoptia-o-alegere-nobila\\\/#primaryimage\",\"url\":\"http:\\\/\\\/marsulpentruviata.md\\\/wp-content\\\/uploads\\\/2015\\\/02\\\/IMG_0823-1024x682.jpg\",\"contentUrl\":\"http:\\\/\\\/marsulpentruviata.md\\\/wp-content\\\/uploads\\\/2015\\\/02\\\/IMG_0823-1024x682.jpg\"},{\"@type\":\"BreadcrumbList\",\"@id\":\"http:\\\/\\\/www.marsulpentruviata.md\\\/en\\\/castigatorii-concursului-fotografia-marsului-pentru-viata-2014-adoptia-o-alegere-nobila\\\/#breadcrumb\",\"itemListElement\":[{\"@type\":\"ListItem\",\"position\":1,\"name\":\"Home\",\"item\":\"http:\\\/\\\/www.marsulpentruviata.md\\\/\"},{\"@type\":\"ListItem\",\"position\":2,\"name\":\"C\u00e2\u0219tig\u0103torii concursului: Fotografia Mar\u0219ului pentru via\u021b\u0103 2014 \u2013 \u201eAdop\u021bia, o alegere nobil\u0103\u201d\"}]},{\"@type\":\"WebSite\",\"@id\":\"http:\\\/\\\/www.marsulpentruviata.md\\\/#website\",\"url\":\"http:\\\/\\\/www.marsulpentruviata.md\\\/\",\"name\":\"Mar\u0219ul pentru via\u021b\u0103\",\"description\":\"O lume pentru via\u021b\u0103\",\"potentialAction\":[{\"@type\":\"SearchAction\",\"target\":{\"@type\":\"EntryPoint\",\"urlTemplate\":\"http:\\\/\\\/www.marsulpentruviata.md\\\/?s={search_term_string}\"},\"query-input\":{\"@type\":\"PropertyValueSpecification\",\"valueRequired\":true,\"valueName\":\"search_term_string\"}}],\"inLanguage\":\"en-US\"},{\"@type\":\"Person\",\"@id\":\"http:\\\/\\\/www.marsulpentruviata.md\\\/#\\\/schema\\\/person\\\/6b5d53acdff44eda0df653103ffb92a3\",\"name\":\"mpv2016\",\"image\":{\"@type\":\"ImageObject\",\"inLanguage\":\"en-US\",\"@id\":\"https:\\\/\\\/secure.gravatar.com\\\/avatar\\\/05f26a2ac98bca797e21ea554e44f19c84dabe9ea4f44ba6de8d4c4ac1891d54?s=96&d=mm&r=g\",\"url\":\"https:\\\/\\\/secure.gravatar.com\\\/avatar\\\/05f26a2ac98bca797e21ea554e44f19c84dabe9ea4f44ba6de8d4c4ac1891d54?s=96&d=mm&r=g\",\"contentUrl\":\"https:\\\/\\\/secure.gravatar.com\\\/avatar\\\/05f26a2ac98bca797e21ea554e44f19c84dabe9ea4f44ba6de8d4c4ac1891d54?s=96&d=mm&r=g\",\"caption\":\"mpv2016\"},\"url\":\"http:\\\/\\\/www.marsulpentruviata.md\\\/en\\\/author\\\/mpv2016\\\/\"}]}<\/script>\n<!-- \/ Yoast SEO plugin. -->","yoast_head_json":{"title":"C\u00e2\u0219tig\u0103torii concursului: Fotografia Mar\u0219ului pentru via\u021b\u0103 2014 \u2013 \u201eAdop\u021bia, o alegere nobil\u0103\u201d - Mar\u0219ul pentru via\u021b\u0103","robots":{"index":"index","follow":"follow","max-snippet":"max-snippet:-1","max-image-preview":"max-image-preview:large","max-video-preview":"max-video-preview:-1"},"canonical":"http:\/\/www.marsulpentruviata.md\/en\/castigatorii-concursului-fotografia-marsului-pentru-viata-2014-adoptia-o-alegere-nobila\/","og_locale":"en_US","og_type":"article","og_title":"C\u00e2\u0219tig\u0103torii concursului: Fotografia Mar\u0219ului pentru via\u021b\u0103 2014 \u2013 \u201eAdop\u021bia, o alegere nobil\u0103\u201d - Mar\u0219ul pentru via\u021b\u0103","og_description":"1 Lidia M\u0103gureanu La Mar\u0219ul pentru via\u021b\u0103 de la Deva, baloanele albe au reprezentat sufletele nevinovate ale copila\u0219ilor avorta\u021bi, care \u00een urma rug\u0103ciunilor \u00een\u0103l\u021bate \u00een fa\u021ba spitalului jude\u021bean si-au luat zborul spre cer. 2. Ovidiana Bulumac 3. Iani Veronica \u00a0","og_url":"http:\/\/www.marsulpentruviata.md\/en\/castigatorii-concursului-fotografia-marsului-pentru-viata-2014-adoptia-o-alegere-nobila\/","og_site_name":"Mar\u0219ul pentru via\u021b\u0103","article_published_time":"2015-02-07T10:46:02+00:00","article_modified_time":"2016-03-19T20:48:09+00:00","og_image":[{"url":"http:\/\/marsulpentruviata.md\/wp-content\/uploads\/2015\/02\/IMG_0823-1024x682.jpg","type":"","width":"","height":""}],"author":"mpv2016","twitter_card":"summary_large_image","twitter_misc":{"Written by":"mpv2016"},"schema":{"@context":"https:\/\/schema.org","@graph":[{"@type":"Article","@id":"http:\/\/www.marsulpentruviata.md\/en\/castigatorii-concursului-fotografia-marsului-pentru-viata-2014-adoptia-o-alegere-nobila\/#article","isPartOf":{"@id":"http:\/\/www.marsulpentruviata.md\/en\/castigatorii-concursului-fotografia-marsului-pentru-viata-2014-adoptia-o-alegere-nobila\/"},"author":{"name":"mpv2016","@id":"http:\/\/www.marsulpentruviata.md\/#\/schema\/person\/6b5d53acdff44eda0df653103ffb92a3"},"headline":"C\u00e2\u0219tig\u0103torii concursului: Fotografia Mar\u0219ului pentru via\u021b\u0103 2014 \u2013 \u201eAdop\u021bia, o alegere nobil\u0103\u201d","datePublished":"2015-02-07T10:46:02+00:00","dateModified":"2016-03-19T20:48:09+00:00","mainEntityOfPage":{"@id":"http:\/\/www.marsulpentruviata.md\/en\/castigatorii-concursului-fotografia-marsului-pentru-viata-2014-adoptia-o-alegere-nobila\/"},"wordCount":59,"commentCount":0,"image":{"@id":"http:\/\/www.marsulpentruviata.md\/en\/castigatorii-concursului-fotografia-marsului-pentru-viata-2014-adoptia-o-alegere-nobila\/#primaryimage"},"thumbnailUrl":"http:\/\/marsulpentruviata.md\/wp-content\/uploads\/2015\/02\/IMG_0823-1024x682.jpg","keywords":["adop\u0163ia","concurs foto","Mar\u015ful pentru via\u0163\u0103","o alegere nobil\u0103\u201d"],"articleSection":["Edi\u021bia 2014"],"inLanguage":"en-US","potentialAction":[{"@type":"CommentAction","name":"Comment","target":["http:\/\/www.marsulpentruviata.md\/en\/castigatorii-concursului-fotografia-marsului-pentru-viata-2014-adoptia-o-alegere-nobila\/#respond"]}]},{"@type":"WebPage","@id":"http:\/\/www.marsulpentruviata.md\/en\/castigatorii-concursului-fotografia-marsului-pentru-viata-2014-adoptia-o-alegere-nobila\/","url":"http:\/\/www.marsulpentruviata.md\/en\/castigatorii-concursului-fotografia-marsului-pentru-viata-2014-adoptia-o-alegere-nobila\/","name":"C\u00e2\u0219tig\u0103torii concursului: Fotografia Mar\u0219ului pentru via\u021b\u0103 2014 \u2013 \u201eAdop\u021bia, o alegere nobil\u0103\u201d - Mar\u0219ul pentru via\u021b\u0103","isPartOf":{"@id":"http:\/\/www.marsulpentruviata.md\/#website"},"primaryImageOfPage":{"@id":"http:\/\/www.marsulpentruviata.md\/en\/castigatorii-concursului-fotografia-marsului-pentru-viata-2014-adoptia-o-alegere-nobila\/#primaryimage"},"image":{"@id":"http:\/\/www.marsulpentruviata.md\/en\/castigatorii-concursului-fotografia-marsului-pentru-viata-2014-adoptia-o-alegere-nobila\/#primaryimage"},"thumbnailUrl":"http:\/\/marsulpentruviata.md\/wp-content\/uploads\/2015\/02\/IMG_0823-1024x682.jpg","datePublished":"2015-02-07T10:46:02+00:00","dateModified":"2016-03-19T20:48:09+00:00","author":{"@id":"http:\/\/www.marsulpentruviata.md\/#\/schema\/person\/6b5d53acdff44eda0df653103ffb92a3"},"breadcrumb":{"@id":"http:\/\/www.marsulpentruviata.md\/en\/castigatorii-concursului-fotografia-marsului-pentru-viata-2014-adoptia-o-alegere-nobila\/#breadcrumb"},"inLanguage":"en-US","potentialAction":[{"@type":"ReadAction","target":["http:\/\/www.marsulpentruviata.md\/en\/castigatorii-concursului-fotografia-marsului-pentru-viata-2014-adoptia-o-alegere-nobila\/"]}]},{"@type":"ImageObject","inLanguage":"en-US","@id":"http:\/\/www.marsulpentruviata.md\/en\/castigatorii-concursului-fotografia-marsului-pentru-viata-2014-adoptia-o-alegere-nobila\/#primaryimage","url":"http:\/\/marsulpentruviata.md\/wp-content\/uploads\/2015\/02\/IMG_0823-1024x682.jpg","contentUrl":"http:\/\/marsulpentruviata.md\/wp-content\/uploads\/2015\/02\/IMG_0823-1024x682.jpg"},{"@type":"BreadcrumbList","@id":"http:\/\/www.marsulpentruviata.md\/en\/castigatorii-concursului-fotografia-marsului-pentru-viata-2014-adoptia-o-alegere-nobila\/#breadcrumb","itemListElement":[{"@type":"ListItem","position":1,"name":"Home","item":"http:\/\/www.marsulpentruviata.md\/"},{"@type":"ListItem","position":2,"name":"C\u00e2\u0219tig\u0103torii concursului: Fotografia Mar\u0219ului pentru via\u021b\u0103 2014 \u2013 \u201eAdop\u021bia, o alegere nobil\u0103\u201d"}]},{"@type":"WebSite","@id":"http:\/\/www.marsulpentruviata.md\/#website","url":"http:\/\/www.marsulpentruviata.md\/","name":"March for Life","description":"O lume pentru via\u021b\u0103","potentialAction":[{"@type":"SearchAction","target":{"@type":"EntryPoint","urlTemplate":"http:\/\/www.marsulpentruviata.md\/?s={search_term_string}"},"query-input":{"@type":"PropertyValueSpecification","valueRequired":true,"valueName":"search_term_string"}}],"inLanguage":"en-US"},{"@type":"Person","@id":"http:\/\/www.marsulpentruviata.md\/#\/schema\/person\/6b5d53acdff44eda0df653103ffb92a3","name":"mpv2016","image":{"@type":"ImageObject","inLanguage":"en-US","@id":"https:\/\/secure.gravatar.com\/avatar\/05f26a2ac98bca797e21ea554e44f19c84dabe9ea4f44ba6de8d4c4ac1891d54?s=96&d=mm&r=g","url":"https:\/\/secure.gravatar.com\/avatar\/05f26a2ac98bca797e21ea554e44f19c84dabe9ea4f44ba6de8d4c4ac1891d54?s=96&d=mm&r=g","contentUrl":"https:\/\/secure.gravatar.com\/avatar\/05f26a2ac98bca797e21ea554e44f19c84dabe9ea4f44ba6de8d4c4ac1891d54?s=96&d=mm&r=g","caption":"mpv2016"},"url":"http:\/\/www.marsulpentruviata.md\/en\/author\/mpv2016\/"}]}},"jetpack_featured_media_url":"","jetpack_sharing_enabled":true,"jetpack_shortlink":"https:\/\/wp.me\/p7mnA9-gx","_links":{"self":[{"href":"http:\/\/www.marsulpentruviata.md\/en\/wp-json\/wp\/v2\/posts\/1025","targetHints":{"allow":["GET"]}}],"collection":[{"href":"http:\/\/www.marsulpentruviata.md\/en\/wp-json\/wp\/v2\/posts"}],"about":[{"href":"http:\/\/www.marsulpentruviata.md\/en\/wp-json\/wp\/v2\/types\/post"}],"author":[{"embeddable":true,"href":"http:\/\/www.marsulpentruviata.md\/en\/wp-json\/wp\/v2\/users\/2"}],"replies":[{"embeddable":true,"href":"http:\/\/www.marsulpentruviata.md\/en\/wp-json\/wp\/v2\/comments?post=1025"}],"version-history":[{"count":2,"href":"http:\/\/www.marsulpentruviata.md\/en\/wp-json\/wp\/v2\/posts\/1025\/revisions"}],"predecessor-version":[{"id":2038,"href":"http:\/\/www.marsulpentruviata.md\/en\/wp-json\/wp\/v2\/posts\/1025\/revisions\/2038"}],"wp:attachment":[{"href":"http:\/\/www.marsulpentruviata.md\/en\/wp-json\/wp\/v2\/media?parent=1025"}],"wp:term":[{"taxonomy":"category","embeddable":true,"href":"http:\/\/www.marsulpentruviata.md\/en\/wp-json\/wp\/v2\/categories?post=1025"},{"taxonomy":"post_tag","embeddable":true,"href":"http:\/\/www.marsulpentruviata.md\/en\/wp-json\/wp\/v2\/tags?post=1025"}],"curies":[{"name":"wp","href":"https:\/\/api.w.org\/{rel}","templated":true}]}}