{"id":1160,"date":"2015-03-11T12:52:51","date_gmt":"2015-03-11T10:52:51","guid":{"rendered":"http:\/\/www.marsulpentruviata.ro\/?p=1160"},"modified":"2021-03-29T18:29:07","modified_gmt":"2021-03-29T15:29:07","slug":"marsul-pentru-viata-2015-fiecare-viata-este-un-dar-21-martie-2015-romania-si-republica-moldova","status":"publish","type":"post","link":"http:\/\/www.marsulpentruviata.md\/en\/marsul-pentru-viata-2015-fiecare-viata-este-un-dar-21-martie-2015-romania-si-republica-moldova\/","title":{"rendered":"Mar\u0219ul pentru via\u021b\u0103 2015 Fiecare via\u021b\u0103 este un dar &#8211; 21 martie 2015, Rom\u00e2nia \u0219i Republica Moldova"},"content":{"rendered":"<p><img loading=\"lazy\" decoding=\"async\" data-attachment-id=\"2568\" data-permalink=\"http:\/\/www.marsulpentruviata.md\/en\/marsul-pentru-viata-2015-fiecare-viata-este-un-dar-21-martie-2015-romania-si-republica-moldova\/banner-site-mars-2015-2\/\" data-orig-file=\"http:\/\/www.marsulpentruviata.md\/wp-content\/uploads\/2020\/02\/banner-site-mars-2015-1.png\" data-orig-size=\"904,549\" data-comments-opened=\"1\" data-image-meta=\"{&quot;aperture&quot;:&quot;0&quot;,&quot;credit&quot;:&quot;&quot;,&quot;camera&quot;:&quot;&quot;,&quot;caption&quot;:&quot;&quot;,&quot;created_timestamp&quot;:&quot;0&quot;,&quot;copyright&quot;:&quot;&quot;,&quot;focal_length&quot;:&quot;0&quot;,&quot;iso&quot;:&quot;0&quot;,&quot;shutter_speed&quot;:&quot;0&quot;,&quot;title&quot;:&quot;&quot;,&quot;orientation&quot;:&quot;0&quot;}\" data-image-title=\"banner-2-site-mars-2015\" data-image-description=\"\" data-image-caption=\"\" data-large-file=\"http:\/\/www.marsulpentruviata.md\/wp-content\/uploads\/2020\/02\/banner-site-mars-2015-1.png\" class=\"aligncenter size-full wp-image-2568\" src=\"http:\/\/www.marsulpentruviata.md\/wp-content\/uploads\/2020\/02\/banner-site-mars-2015-1.png\" alt=\"\" width=\"904\" height=\"549\" srcset=\"http:\/\/www.marsulpentruviata.md\/wp-content\/uploads\/2020\/02\/banner-site-mars-2015-1.png 904w, http:\/\/www.marsulpentruviata.md\/wp-content\/uploads\/2020\/02\/banner-site-mars-2015-1-300x182.png 300w, http:\/\/www.marsulpentruviata.md\/wp-content\/uploads\/2020\/02\/banner-site-mars-2015-1-150x91.png 150w\" sizes=\"auto, (max-width: 904px) 100vw, 904px\" \/><\/p>\n<p lang=\"it-IT\" align=\"RIGHT\">11 martie 2015<\/p>\n<p lang=\"ro-RO\" align=\"CENTER\"><b>Mar\u0219ul pentru via\u021b\u0103 2015 Fiecare via\u021b\u0103 este un dar<\/b><\/p>\n<p lang=\"ro-RO\" align=\"CENTER\"><b>21 martie 2015, Rom\u00e2nia \u0219i Republica Moldova<\/b><\/p>\n<p align=\"JUSTIFY\">\u00cen perioada 18\u201325 martie a.c., \u00een Rom\u00e2nia \u0219i Republica Moldova va avea loc\u00a0<b>S\u0103pt\u0103m\u00e2na pentru via\u021b\u0103 2015 Fiecare via\u021b\u0103 este un dar<\/b>, al c\u0103rei eveniment central este\u00a0<b>March for Life<\/b><b>2015<\/b>, organizat \u00een 21 martie.<\/p>\n<p lang=\"ro-RO\" align=\"JUSTIFY\">\u00cen Rom\u00e2nia, Mar\u0219ul pentru via\u021b\u0103 se afl\u0103 la edi\u021bia a V-a, iar \u00een Republica Moldova la prima edi\u021bie. P\u00e2n\u0103 \u00een prezent sunt anun\u021ba\u021bi organizatori \u00een peste 60 de ora\u0219e din Rom\u00e2nia \u0219i, \u00een premier\u0103, \u00een Republica Moldova, la Chi\u0219in\u0103u \u0219i Orhei, \u00een timp ce anul trecut evenimentul s-a desf\u0103\u0219urat \u00een 40 de ora\u0219e. Lista ora\u0219elor \u0219i detalii sunt disponibile pe saitul www.marsulpentruviata.ro.<\/p>\n<p align=\"JUSTIFY\">Mesajul pe care dorim s\u0103 \u00eel transmitem prin tema acestui an,\u00a0<i>Fiecare via\u021b\u0103 este un dar<\/i>, este c\u0103 fiecare persoan\u0103 este unic\u0103 \u0219i are o valoare infinit\u0103, iar societatea are doar de c\u00e2\u0219tigat dac\u0103\u00a0<b>sprijin\u0103 persoanele cu nevoi speciale<\/b>\u00a0\u0219i, \u00een particular, dac\u0103 sprijin\u0103 o femeie aflat\u0103 \u00een criz\u0103 de sarcin\u0103 s\u0103 nasc\u0103 \u0219i s\u0103 creasc\u0103 persoana pe care o poart\u0103 \u00een p\u00e2ntece, un dar c\u0103tre ea \u0219i un dar al ei c\u0103tre familie \u0219i c\u0103tre \u00eentreaga societate.<\/p>\n<p lang=\"ro-RO\" align=\"JUSTIFY\">\u00cen Rom\u00e2nia, a c\u0103rei popula\u021bie actual\u0103 este de cca. 21.800.000 locuitori, din 1958 p\u00e2n\u0103 \u00een prezent au fost \u00eenregistrate doar \u00een spitalele de stat peste 22.000.000 de avorturi. Se fac circa 400 de avorturi la cerere pe zi doar \u00een spitalele de stat, rata avorturilor fiind de 480 de avorturi la 1.000 de na\u0219teri, cea mai mare din Uniunea European\u0103 \u0219i dubl\u0103 fa\u021b\u0103 de cea din SUA. \u00cen realitate, rata avorturilor este mult mai mare, deoarece avorturile din clinicile private nu se raporteaz\u0103 la stat, iar avorturile f\u0103cute de femeile rom\u00e2nce din str\u0103in\u0103tate nu sunt nici ele incluse.<\/p>\n<p lang=\"ro-RO\" align=\"JUSTIFY\">\u00cen Republica Moldova, a c\u0103rei popula\u021bie actual\u0103 este de cca. 3.600.000 locuitori, statisticile arat\u0103 c\u0103, dup\u0103 declararea independen\u021bei \u021b\u0103rii \u00een 1991 \u0219i p\u00e2n\u0103 \u00een prezent, au fost \u00eenregistrate cca. 750.000 de avorturi.<\/p>\n<p align=\"JUSTIFY\">O aten\u021bie special\u0103 dorim s\u0103 acord\u0103m cazurilor \u00een care femeia prime\u0219te \u00een timpul sarcinii un diagnostic nefavorabil. Mai ales c\u00e2nd este vorba despre anumite maladii precum Sindrom Down, copilul are pu\u021bine \u0219anse de a se na\u0219te: la nivelul Uniunii Europene, 96% dintre copiii diagnostica\u021bi Sindrom Down sunt avorta\u021bi. De aceea am ales, pentru ziua desf\u0103\u0219ur\u0103rii mar\u0219ului, data de 21 martie, \u00een care se s\u0103rb\u0103tore\u0219te Ziua Mondial\u0103 a Persoanelor cu Sindrom Down. Urm\u0103rim astfel s\u0103 sensibiliz\u0103m societatea c\u0103\u00a0<b>discriminarea persoanelor cu Sindrom Down, a persoanelor cu nevoi speciale \u00een general, \u00eencepe \u00eenainte de na\u0219tere.<\/b><\/p>\n<p align=\"JUSTIFY\"><b>Consider\u0103m c\u0103 orice via\u021b\u0103 uman\u0103 este demn\u0103 de respect \u0219i ajutor<\/b>, indiferent de alte criterii: etnie, sex, religie, stare de s\u0103n\u0103tate, stare de dezvoltare etc. Un copil \u00een prima zi dup\u0103 concep\u021bie nu este mai pu\u021bin om dec\u00e2t o persoan\u0103 \u00een floarea v\u00e2rstei, o persoan\u0103 cu Sindrom Down nu este mai pu\u021bin om dec\u00e2t un geniu, o persoan\u0103 imobilizat\u0103 la pat nu este mai pu\u021bin om dec\u00e2t un campion olimpic. Fiecare persoan\u0103 are de d\u0103ruit semenilor ceva unic \u0219i infinit de pre\u021bios, iar\u00a0<b>societatea, pentru a fi cu adev\u0103rat uman\u0103, are nevoie s\u0103 se aplece asupra nevoilor specifice ale fiec\u0103ruia<\/b>, cu delicate\u021be \u0219i respect. Adev\u0103rata civiliza\u021bie nu \u00eei exclude \u0219i nu \u00eei discrimineaz\u0103 pe cei afla\u021bi \u00een situa\u021bii defavorabile!<\/p>\n<p align=\"JUSTIFY\"><b>Mar\u0219ul este neconfesional \u0219i apolitic\u00a0<\/b>\u0219i prin demersul nostru<b>\u00a0nu solicit\u0103m interzicerea prin lege a avorturilor, ci ne propunem\u00a0<\/b>s\u0103con\u0219tientiz\u0103m: 1. existen\u021ba, unicitatea, demnitatea \u0219i valoarea fiec\u0103rui om \u00eencep\u00e2nd din momentul concep\u021biei; 2. c\u0103 diferite situa\u021bii defavorabile, precum sarcina nea\u0219teptat\u0103 ori primirea unui diagnostic nefavorabil precum cel de Sindrom Down, conduc la criza de sarcin\u0103, o perioad\u0103 extrem de dificil\u0103 pentru femeie; 3. necesitatea sprijinirii femeilor aflate \u00een criz\u0103 de sarcin\u0103, \u00eenainte \u0219i dup\u0103 na\u0219tere.<\/p>\n<p align=\"JUSTIFY\">Manifest\u0103rile din\u00a0<b>S\u0103pt\u0103m\u00e2na pentru via\u021b\u0103 2015<\/b>\u00a0\u0219i\u00a0<b>Mar\u0219ul pentru via\u021b\u0103 2015 Fiecare via\u021b\u0103 este un dar<\/b>\u00a0sunt deschise tuturor celor care \u00eemp\u0103rt\u0103\u0219esc aceste principii \u0219i deziderate.<\/p>\n<p>Alexandra Nadane,<br \/>\nPre\u0219edintele Asocia\u021biei Studen\u021bi pentru via\u021b\u0103<\/p>\n<p>Ioana Pico\u0219,<br \/>\nPurt\u0103tor de cuv\u00e2nt al Mar\u0219ului pentru via\u021b\u0103 2015<\/p>","protected":false},"excerpt":{"rendered":"<p>11 martie 2015 Mar\u0219ul pentru via\u021b\u0103 2015 Fiecare via\u021b\u0103 este un dar 21 martie 2015, Rom\u00e2nia \u0219i Republica Moldova \u00cen perioada 18\u201325 martie a.c., \u00een Rom\u00e2nia \u0219i Republica Moldova va avea loc\u00a0S\u0103pt\u0103m\u00e2na pentru via\u021b\u0103 2015 Fiecare via\u021b\u0103 este un dar, al c\u0103rei eveniment central este\u00a0Mar\u0219ul pentru via\u021b\u01032015, organizat \u00een 21 martie. \u00cen Rom\u00e2nia, Mar\u0219ul pentru [&hellip;]<\/p>\n","protected":false},"author":2,"featured_media":2568,"comment_status":"open","ping_status":"open","sticky":false,"template":"","format":"standard","meta":{"jetpack_post_was_ever_published":false,"_jetpack_newsletter_access":"","_jetpack_dont_email_post_to_subs":false,"_jetpack_newsletter_tier_id":0,"_jetpack_memberships_contains_paywalled_content":false,"_jetpack_memberships_contains_paid_content":false,"footnotes":""},"categories":[7],"tags":[10,99,105,150,229],"class_list":["post-1160","post","type-post","status-publish","format-standard","has-post-thumbnail","hentry","category-editia-2015","tag-21-martie","tag-eveniment","tag-fiecare-viata-este-un-dar","tag-marsul-pentru-viata-2015","tag-sindrom-down"],"yoast_head":"<!-- This site is optimized with the Yoast SEO plugin v27.5 - https:\/\/yoast.com\/product\/yoast-seo-wordpress\/ -->\n<title>Mar\u0219ul pentru via\u021b\u0103 2015 Fiecare via\u021b\u0103 este un dar - 21 martie 2015, Rom\u00e2nia \u0219i Republica Moldova - Mar\u0219ul pentru via\u021b\u0103<\/title>\n<meta name=\"robots\" content=\"index, follow, max-snippet:-1, max-image-preview:large, max-video-preview:-1\" \/>\n<link rel=\"canonical\" href=\"http:\/\/www.marsulpentruviata.md\/en\/marsul-pentru-viata-2015-fiecare-viata-este-un-dar-21-martie-2015-romania-si-republica-moldova\/\" \/>\n<meta property=\"og:locale\" content=\"en_US\" \/>\n<meta property=\"og:type\" content=\"article\" \/>\n<meta property=\"og:title\" content=\"Mar\u0219ul pentru via\u021b\u0103 2015 Fiecare via\u021b\u0103 este un dar - 21 martie 2015, Rom\u00e2nia \u0219i Republica Moldova - Mar\u0219ul pentru via\u021b\u0103\" \/>\n<meta property=\"og:description\" content=\"11 martie 2015 Mar\u0219ul pentru via\u021b\u0103 2015 Fiecare via\u021b\u0103 este un dar 21 martie 2015, Rom\u00e2nia \u0219i Republica Moldova \u00cen perioada 18\u201325 martie a.c., \u00een Rom\u00e2nia \u0219i Republica Moldova va avea loc\u00a0S\u0103pt\u0103m\u00e2na pentru via\u021b\u0103 2015 Fiecare via\u021b\u0103 este un dar, al c\u0103rei eveniment central este\u00a0Mar\u0219ul pentru via\u021b\u01032015, organizat \u00een 21 martie. \u00cen Rom\u00e2nia, Mar\u0219ul pentru [&hellip;]\" \/>\n<meta property=\"og:url\" content=\"http:\/\/www.marsulpentruviata.md\/en\/marsul-pentru-viata-2015-fiecare-viata-este-un-dar-21-martie-2015-romania-si-republica-moldova\/\" \/>\n<meta property=\"og:site_name\" content=\"Mar\u0219ul pentru via\u021b\u0103\" \/>\n<meta property=\"article:published_time\" content=\"2015-03-11T10:52:51+00:00\" \/>\n<meta property=\"article:modified_time\" content=\"2021-03-29T15:29:07+00:00\" \/>\n<meta property=\"og:image\" content=\"http:\/\/www.marsulpentruviata.md\/wp-content\/uploads\/2020\/02\/banner-site-mars-2015-1.png\" \/>\n\t<meta property=\"og:image:width\" content=\"904\" \/>\n\t<meta property=\"og:image:height\" content=\"549\" \/>\n\t<meta property=\"og:image:type\" content=\"image\/png\" \/>\n<meta name=\"author\" content=\"mpv2016\" \/>\n<meta name=\"twitter:card\" content=\"summary_large_image\" \/>\n<meta name=\"twitter:label1\" content=\"Written by\" \/>\n\t<meta name=\"twitter:data1\" content=\"mpv2016\" \/>\n\t<meta name=\"twitter:label2\" content=\"Est. reading time\" \/>\n\t<meta name=\"twitter:data2\" content=\"4 minutes\" \/>\n<script type=\"application\/ld+json\" class=\"yoast-schema-graph\">{\"@context\":\"https:\\\/\\\/schema.org\",\"@graph\":[{\"@type\":\"Article\",\"@id\":\"http:\\\/\\\/www.marsulpentruviata.md\\\/en\\\/marsul-pentru-viata-2015-fiecare-viata-este-un-dar-21-martie-2015-romania-si-republica-moldova\\\/#article\",\"isPartOf\":{\"@id\":\"http:\\\/\\\/www.marsulpentruviata.md\\\/en\\\/marsul-pentru-viata-2015-fiecare-viata-este-un-dar-21-martie-2015-romania-si-republica-moldova\\\/\"},\"author\":{\"name\":\"mpv2016\",\"@id\":\"http:\\\/\\\/www.marsulpentruviata.md\\\/#\\\/schema\\\/person\\\/6b5d53acdff44eda0df653103ffb92a3\"},\"headline\":\"Mar\u0219ul pentru via\u021b\u0103 2015 Fiecare via\u021b\u0103 este un dar &#8211; 21 martie 2015, Rom\u00e2nia \u0219i Republica Moldova\",\"datePublished\":\"2015-03-11T10:52:51+00:00\",\"dateModified\":\"2021-03-29T15:29:07+00:00\",\"mainEntityOfPage\":{\"@id\":\"http:\\\/\\\/www.marsulpentruviata.md\\\/en\\\/marsul-pentru-viata-2015-fiecare-viata-este-un-dar-21-martie-2015-romania-si-republica-moldova\\\/\"},\"wordCount\":747,\"commentCount\":2,\"image\":{\"@id\":\"http:\\\/\\\/www.marsulpentruviata.md\\\/en\\\/marsul-pentru-viata-2015-fiecare-viata-este-un-dar-21-martie-2015-romania-si-republica-moldova\\\/#primaryimage\"},\"thumbnailUrl\":\"http:\\\/\\\/www.marsulpentruviata.md\\\/wp-content\\\/uploads\\\/2020\\\/02\\\/banner-site-mars-2015-1.png\",\"keywords\":[\"21 martie\",\"eveniment\",\"Fiecare via\u021b\u0103 este un dar\",\"Mar\u0219ul pentru via\u021b\u0103 2015\",\"Sindrom Down\"],\"articleSection\":[\"Edi\u021bia 2015\"],\"inLanguage\":\"en-US\",\"potentialAction\":[{\"@type\":\"CommentAction\",\"name\":\"Comment\",\"target\":[\"http:\\\/\\\/www.marsulpentruviata.md\\\/en\\\/marsul-pentru-viata-2015-fiecare-viata-este-un-dar-21-martie-2015-romania-si-republica-moldova\\\/#respond\"]}]},{\"@type\":\"WebPage\",\"@id\":\"http:\\\/\\\/www.marsulpentruviata.md\\\/en\\\/marsul-pentru-viata-2015-fiecare-viata-este-un-dar-21-martie-2015-romania-si-republica-moldova\\\/\",\"url\":\"http:\\\/\\\/www.marsulpentruviata.md\\\/en\\\/marsul-pentru-viata-2015-fiecare-viata-este-un-dar-21-martie-2015-romania-si-republica-moldova\\\/\",\"name\":\"Mar\u0219ul pentru via\u021b\u0103 2015 Fiecare via\u021b\u0103 este un dar - 21 martie 2015, Rom\u00e2nia \u0219i Republica Moldova - Mar\u0219ul pentru via\u021b\u0103\",\"isPartOf\":{\"@id\":\"http:\\\/\\\/www.marsulpentruviata.md\\\/#website\"},\"primaryImageOfPage\":{\"@id\":\"http:\\\/\\\/www.marsulpentruviata.md\\\/en\\\/marsul-pentru-viata-2015-fiecare-viata-este-un-dar-21-martie-2015-romania-si-republica-moldova\\\/#primaryimage\"},\"image\":{\"@id\":\"http:\\\/\\\/www.marsulpentruviata.md\\\/en\\\/marsul-pentru-viata-2015-fiecare-viata-este-un-dar-21-martie-2015-romania-si-republica-moldova\\\/#primaryimage\"},\"thumbnailUrl\":\"http:\\\/\\\/www.marsulpentruviata.md\\\/wp-content\\\/uploads\\\/2020\\\/02\\\/banner-site-mars-2015-1.png\",\"datePublished\":\"2015-03-11T10:52:51+00:00\",\"dateModified\":\"2021-03-29T15:29:07+00:00\",\"author\":{\"@id\":\"http:\\\/\\\/www.marsulpentruviata.md\\\/#\\\/schema\\\/person\\\/6b5d53acdff44eda0df653103ffb92a3\"},\"breadcrumb\":{\"@id\":\"http:\\\/\\\/www.marsulpentruviata.md\\\/en\\\/marsul-pentru-viata-2015-fiecare-viata-este-un-dar-21-martie-2015-romania-si-republica-moldova\\\/#breadcrumb\"},\"inLanguage\":\"en-US\",\"potentialAction\":[{\"@type\":\"ReadAction\",\"target\":[\"http:\\\/\\\/www.marsulpentruviata.md\\\/en\\\/marsul-pentru-viata-2015-fiecare-viata-este-un-dar-21-martie-2015-romania-si-republica-moldova\\\/\"]}]},{\"@type\":\"ImageObject\",\"inLanguage\":\"en-US\",\"@id\":\"http:\\\/\\\/www.marsulpentruviata.md\\\/en\\\/marsul-pentru-viata-2015-fiecare-viata-este-un-dar-21-martie-2015-romania-si-republica-moldova\\\/#primaryimage\",\"url\":\"http:\\\/\\\/www.marsulpentruviata.md\\\/wp-content\\\/uploads\\\/2020\\\/02\\\/banner-site-mars-2015-1.png\",\"contentUrl\":\"http:\\\/\\\/www.marsulpentruviata.md\\\/wp-content\\\/uploads\\\/2020\\\/02\\\/banner-site-mars-2015-1.png\",\"width\":904,\"height\":549},{\"@type\":\"BreadcrumbList\",\"@id\":\"http:\\\/\\\/www.marsulpentruviata.md\\\/en\\\/marsul-pentru-viata-2015-fiecare-viata-este-un-dar-21-martie-2015-romania-si-republica-moldova\\\/#breadcrumb\",\"itemListElement\":[{\"@type\":\"ListItem\",\"position\":1,\"name\":\"Home\",\"item\":\"http:\\\/\\\/www.marsulpentruviata.md\\\/\"},{\"@type\":\"ListItem\",\"position\":2,\"name\":\"Mar\u0219ul pentru via\u021b\u0103 2015 Fiecare via\u021b\u0103 este un dar &#8211; 21 martie 2015, Rom\u00e2nia \u0219i Republica Moldova\"}]},{\"@type\":\"WebSite\",\"@id\":\"http:\\\/\\\/www.marsulpentruviata.md\\\/#website\",\"url\":\"http:\\\/\\\/www.marsulpentruviata.md\\\/\",\"name\":\"Mar\u0219ul pentru via\u021b\u0103\",\"description\":\"O lume pentru via\u021b\u0103\",\"potentialAction\":[{\"@type\":\"SearchAction\",\"target\":{\"@type\":\"EntryPoint\",\"urlTemplate\":\"http:\\\/\\\/www.marsulpentruviata.md\\\/?s={search_term_string}\"},\"query-input\":{\"@type\":\"PropertyValueSpecification\",\"valueRequired\":true,\"valueName\":\"search_term_string\"}}],\"inLanguage\":\"en-US\"},{\"@type\":\"Person\",\"@id\":\"http:\\\/\\\/www.marsulpentruviata.md\\\/#\\\/schema\\\/person\\\/6b5d53acdff44eda0df653103ffb92a3\",\"name\":\"mpv2016\",\"image\":{\"@type\":\"ImageObject\",\"inLanguage\":\"en-US\",\"@id\":\"https:\\\/\\\/secure.gravatar.com\\\/avatar\\\/05f26a2ac98bca797e21ea554e44f19c84dabe9ea4f44ba6de8d4c4ac1891d54?s=96&d=mm&r=g\",\"url\":\"https:\\\/\\\/secure.gravatar.com\\\/avatar\\\/05f26a2ac98bca797e21ea554e44f19c84dabe9ea4f44ba6de8d4c4ac1891d54?s=96&d=mm&r=g\",\"contentUrl\":\"https:\\\/\\\/secure.gravatar.com\\\/avatar\\\/05f26a2ac98bca797e21ea554e44f19c84dabe9ea4f44ba6de8d4c4ac1891d54?s=96&d=mm&r=g\",\"caption\":\"mpv2016\"},\"url\":\"http:\\\/\\\/www.marsulpentruviata.md\\\/en\\\/author\\\/mpv2016\\\/\"}]}<\/script>\n<!-- \/ Yoast SEO plugin. -->","yoast_head_json":{"title":"Mar\u0219ul pentru via\u021b\u0103 2015 Fiecare via\u021b\u0103 este un dar - 21 martie 2015, Rom\u00e2nia \u0219i Republica Moldova - Mar\u0219ul pentru via\u021b\u0103","robots":{"index":"index","follow":"follow","max-snippet":"max-snippet:-1","max-image-preview":"max-image-preview:large","max-video-preview":"max-video-preview:-1"},"canonical":"http:\/\/www.marsulpentruviata.md\/en\/marsul-pentru-viata-2015-fiecare-viata-este-un-dar-21-martie-2015-romania-si-republica-moldova\/","og_locale":"en_US","og_type":"article","og_title":"Mar\u0219ul pentru via\u021b\u0103 2015 Fiecare via\u021b\u0103 este un dar - 21 martie 2015, Rom\u00e2nia \u0219i Republica Moldova - Mar\u0219ul pentru via\u021b\u0103","og_description":"11 martie 2015 Mar\u0219ul pentru via\u021b\u0103 2015 Fiecare via\u021b\u0103 este un dar 21 martie 2015, Rom\u00e2nia \u0219i Republica Moldova \u00cen perioada 18\u201325 martie a.c., \u00een Rom\u00e2nia \u0219i Republica Moldova va avea loc\u00a0S\u0103pt\u0103m\u00e2na pentru via\u021b\u0103 2015 Fiecare via\u021b\u0103 este un dar, al c\u0103rei eveniment central este\u00a0Mar\u0219ul pentru via\u021b\u01032015, organizat \u00een 21 martie. \u00cen Rom\u00e2nia, Mar\u0219ul pentru [&hellip;]","og_url":"http:\/\/www.marsulpentruviata.md\/en\/marsul-pentru-viata-2015-fiecare-viata-este-un-dar-21-martie-2015-romania-si-republica-moldova\/","og_site_name":"Mar\u0219ul pentru via\u021b\u0103","article_published_time":"2015-03-11T10:52:51+00:00","article_modified_time":"2021-03-29T15:29:07+00:00","og_image":[{"width":904,"height":549,"url":"http:\/\/www.marsulpentruviata.md\/wp-content\/uploads\/2020\/02\/banner-site-mars-2015-1.png","type":"image\/png"}],"author":"mpv2016","twitter_card":"summary_large_image","twitter_misc":{"Written by":"mpv2016","Est. reading time":"4 minutes"},"schema":{"@context":"https:\/\/schema.org","@graph":[{"@type":"Article","@id":"http:\/\/www.marsulpentruviata.md\/en\/marsul-pentru-viata-2015-fiecare-viata-este-un-dar-21-martie-2015-romania-si-republica-moldova\/#article","isPartOf":{"@id":"http:\/\/www.marsulpentruviata.md\/en\/marsul-pentru-viata-2015-fiecare-viata-este-un-dar-21-martie-2015-romania-si-republica-moldova\/"},"author":{"name":"mpv2016","@id":"http:\/\/www.marsulpentruviata.md\/#\/schema\/person\/6b5d53acdff44eda0df653103ffb92a3"},"headline":"Mar\u0219ul pentru via\u021b\u0103 2015 Fiecare via\u021b\u0103 este un dar &#8211; 21 martie 2015, Rom\u00e2nia \u0219i Republica Moldova","datePublished":"2015-03-11T10:52:51+00:00","dateModified":"2021-03-29T15:29:07+00:00","mainEntityOfPage":{"@id":"http:\/\/www.marsulpentruviata.md\/en\/marsul-pentru-viata-2015-fiecare-viata-este-un-dar-21-martie-2015-romania-si-republica-moldova\/"},"wordCount":747,"commentCount":2,"image":{"@id":"http:\/\/www.marsulpentruviata.md\/en\/marsul-pentru-viata-2015-fiecare-viata-este-un-dar-21-martie-2015-romania-si-republica-moldova\/#primaryimage"},"thumbnailUrl":"http:\/\/www.marsulpentruviata.md\/wp-content\/uploads\/2020\/02\/banner-site-mars-2015-1.png","keywords":["21 martie","eveniment","Fiecare via\u021b\u0103 este un dar","Mar\u0219ul pentru via\u021b\u0103 2015","Sindrom Down"],"articleSection":["Edi\u021bia 2015"],"inLanguage":"en-US","potentialAction":[{"@type":"CommentAction","name":"Comment","target":["http:\/\/www.marsulpentruviata.md\/en\/marsul-pentru-viata-2015-fiecare-viata-este-un-dar-21-martie-2015-romania-si-republica-moldova\/#respond"]}]},{"@type":"WebPage","@id":"http:\/\/www.marsulpentruviata.md\/en\/marsul-pentru-viata-2015-fiecare-viata-este-un-dar-21-martie-2015-romania-si-republica-moldova\/","url":"http:\/\/www.marsulpentruviata.md\/en\/marsul-pentru-viata-2015-fiecare-viata-este-un-dar-21-martie-2015-romania-si-republica-moldova\/","name":"Mar\u0219ul pentru via\u021b\u0103 2015 Fiecare via\u021b\u0103 este un dar - 21 martie 2015, Rom\u00e2nia \u0219i Republica Moldova - Mar\u0219ul pentru via\u021b\u0103","isPartOf":{"@id":"http:\/\/www.marsulpentruviata.md\/#website"},"primaryImageOfPage":{"@id":"http:\/\/www.marsulpentruviata.md\/en\/marsul-pentru-viata-2015-fiecare-viata-este-un-dar-21-martie-2015-romania-si-republica-moldova\/#primaryimage"},"image":{"@id":"http:\/\/www.marsulpentruviata.md\/en\/marsul-pentru-viata-2015-fiecare-viata-este-un-dar-21-martie-2015-romania-si-republica-moldova\/#primaryimage"},"thumbnailUrl":"http:\/\/www.marsulpentruviata.md\/wp-content\/uploads\/2020\/02\/banner-site-mars-2015-1.png","datePublished":"2015-03-11T10:52:51+00:00","dateModified":"2021-03-29T15:29:07+00:00","author":{"@id":"http:\/\/www.marsulpentruviata.md\/#\/schema\/person\/6b5d53acdff44eda0df653103ffb92a3"},"breadcrumb":{"@id":"http:\/\/www.marsulpentruviata.md\/en\/marsul-pentru-viata-2015-fiecare-viata-este-un-dar-21-martie-2015-romania-si-republica-moldova\/#breadcrumb"},"inLanguage":"en-US","potentialAction":[{"@type":"ReadAction","target":["http:\/\/www.marsulpentruviata.md\/en\/marsul-pentru-viata-2015-fiecare-viata-este-un-dar-21-martie-2015-romania-si-republica-moldova\/"]}]},{"@type":"ImageObject","inLanguage":"en-US","@id":"http:\/\/www.marsulpentruviata.md\/en\/marsul-pentru-viata-2015-fiecare-viata-este-un-dar-21-martie-2015-romania-si-republica-moldova\/#primaryimage","url":"http:\/\/www.marsulpentruviata.md\/wp-content\/uploads\/2020\/02\/banner-site-mars-2015-1.png","contentUrl":"http:\/\/www.marsulpentruviata.md\/wp-content\/uploads\/2020\/02\/banner-site-mars-2015-1.png","width":904,"height":549},{"@type":"BreadcrumbList","@id":"http:\/\/www.marsulpentruviata.md\/en\/marsul-pentru-viata-2015-fiecare-viata-este-un-dar-21-martie-2015-romania-si-republica-moldova\/#breadcrumb","itemListElement":[{"@type":"ListItem","position":1,"name":"Home","item":"http:\/\/www.marsulpentruviata.md\/"},{"@type":"ListItem","position":2,"name":"Mar\u0219ul pentru via\u021b\u0103 2015 Fiecare via\u021b\u0103 este un dar &#8211; 21 martie 2015, Rom\u00e2nia \u0219i Republica Moldova"}]},{"@type":"WebSite","@id":"http:\/\/www.marsulpentruviata.md\/#website","url":"http:\/\/www.marsulpentruviata.md\/","name":"March for Life","description":"O lume pentru via\u021b\u0103","potentialAction":[{"@type":"SearchAction","target":{"@type":"EntryPoint","urlTemplate":"http:\/\/www.marsulpentruviata.md\/?s={search_term_string}"},"query-input":{"@type":"PropertyValueSpecification","valueRequired":true,"valueName":"search_term_string"}}],"inLanguage":"en-US"},{"@type":"Person","@id":"http:\/\/www.marsulpentruviata.md\/#\/schema\/person\/6b5d53acdff44eda0df653103ffb92a3","name":"mpv2016","image":{"@type":"ImageObject","inLanguage":"en-US","@id":"https:\/\/secure.gravatar.com\/avatar\/05f26a2ac98bca797e21ea554e44f19c84dabe9ea4f44ba6de8d4c4ac1891d54?s=96&d=mm&r=g","url":"https:\/\/secure.gravatar.com\/avatar\/05f26a2ac98bca797e21ea554e44f19c84dabe9ea4f44ba6de8d4c4ac1891d54?s=96&d=mm&r=g","contentUrl":"https:\/\/secure.gravatar.com\/avatar\/05f26a2ac98bca797e21ea554e44f19c84dabe9ea4f44ba6de8d4c4ac1891d54?s=96&d=mm&r=g","caption":"mpv2016"},"url":"http:\/\/www.marsulpentruviata.md\/en\/author\/mpv2016\/"}]}},"jetpack_featured_media_url":"http:\/\/www.marsulpentruviata.md\/wp-content\/uploads\/2020\/02\/banner-site-mars-2015-1.png","jetpack_sharing_enabled":true,"jetpack_shortlink":"https:\/\/wp.me\/p7mnA9-iI","_links":{"self":[{"href":"http:\/\/www.marsulpentruviata.md\/en\/wp-json\/wp\/v2\/posts\/1160","targetHints":{"allow":["GET"]}}],"collection":[{"href":"http:\/\/www.marsulpentruviata.md\/en\/wp-json\/wp\/v2\/posts"}],"about":[{"href":"http:\/\/www.marsulpentruviata.md\/en\/wp-json\/wp\/v2\/types\/post"}],"author":[{"embeddable":true,"href":"http:\/\/www.marsulpentruviata.md\/en\/wp-json\/wp\/v2\/users\/2"}],"replies":[{"embeddable":true,"href":"http:\/\/www.marsulpentruviata.md\/en\/wp-json\/wp\/v2\/comments?post=1160"}],"version-history":[{"count":2,"href":"http:\/\/www.marsulpentruviata.md\/en\/wp-json\/wp\/v2\/posts\/1160\/revisions"}],"predecessor-version":[{"id":2609,"href":"http:\/\/www.marsulpentruviata.md\/en\/wp-json\/wp\/v2\/posts\/1160\/revisions\/2609"}],"wp:featuredmedia":[{"embeddable":true,"href":"http:\/\/www.marsulpentruviata.md\/en\/wp-json\/wp\/v2\/media\/2568"}],"wp:attachment":[{"href":"http:\/\/www.marsulpentruviata.md\/en\/wp-json\/wp\/v2\/media?parent=1160"}],"wp:term":[{"taxonomy":"category","embeddable":true,"href":"http:\/\/www.marsulpentruviata.md\/en\/wp-json\/wp\/v2\/categories?post=1160"},{"taxonomy":"post_tag","embeddable":true,"href":"http:\/\/www.marsulpentruviata.md\/en\/wp-json\/wp\/v2\/tags?post=1160"}],"curies":[{"name":"wp","href":"https:\/\/api.w.org\/{rel}","templated":true}]}}