{"id":576,"date":"2014-03-17T14:17:49","date_gmt":"2014-03-17T12:17:49","guid":{"rendered":"http:\/\/www.marsulpentruviata.ro\/?p=576"},"modified":"2016-03-19T20:42:38","modified_gmt":"2016-03-19T20:42:38","slug":"sustinerea-familiei-si-incurajarea-natalitatii-prin-politici-clare-si-coerente-pe-termen-lung-anamaria-jitea-studenta-la-teologie-din-arad-marsul-pentru-viata-20","status":"publish","type":"post","link":"http:\/\/www.marsulpentruviata.md\/en\/sustinerea-familiei-si-incurajarea-natalitatii-prin-politici-clare-si-coerente-pe-termen-lung-anamaria-jitea-studenta-la-teologie-din-arad-marsul-pentru-viata-20\/","title":{"rendered":"\u201eSus\u0163inerea familiei \u015fi \u00eencurajarea natalit\u0103\u0163ii prin politici clare \u015fi coerente pe termen lung\u201c \u2013 Anamaria Jitea, student\u0103 la teologie din Arad \u2013 Mar\u015ful pentru via\u0163\u0103 2014"},"content":{"rendered":"<p style=\"text-align: center;\">\u00a0<a href=\"http:\/\/marsulpentruviata.md\/wp-content\/uploads\/2014\/03\/Arad-afis2014-lnd-1-1.jpg\"><img loading=\"lazy\" decoding=\"async\" class=\"aligncenter  wp-image-577\" alt=\"Arad-afis2014-lnd (1)\" src=\"http:\/\/marsulpentruviata.md\/wp-content\/uploads\/2014\/03\/Arad-afis2014-lnd-1-1024x717-1.jpg\" width=\"373\" height=\"261\" \/><\/a><\/p>\n<p style=\"text-align: justify;\"><strong>Anamaria Jitea, o jurist\u0103 de 40 de ani, este voluntar \u00een campania de informare \u201eAlege Via\u0163a!\u201d \u015fi student\u0103 la Facultatea de Teologie Ortodox\u0103 \u201eIlarion V. Felea\u201d din Arad. Spune c\u0103 implicarea sa are deja o tradi\u0163ie de trei ani \u015fi e o consecin\u0163\u0103 fireasc\u0103 a desf\u0103\u015fur\u0103rii \u00een ultimii patru ani a campaniei de informare \u201eAlegeVia\u0163a!\u201d \u00een \u015fcolile \u015fi liceele ar\u0103dene. \u201eSchimbarea mentalit\u0103\u0163ilor este un proces greu care \u00eencepe, evident, prin educa\u0163ie \u015fi apoi prin exprimarea public\u0103 a unor credin\u0163e sau valori\u201c, spune ea.<\/strong><\/p>\n<p style=\"text-align: justify;\"><strong>Rep: Ce v-a r\u0103mas \u00een minte de la edi\u0163iile din anii anteriori?<\/strong><\/p>\n<p style=\"text-align: justify;\">AJ: Faptul c\u0103 an de an am fost tot mai mul\u0163i.<\/p>\n<p style=\"text-align: justify;\"><strong>Rep: Cui adresa\u021bi invita\u021bia de a participa la Mar\u0219\u0219i de ce?<\/strong><\/p>\n<p style=\"text-align: justify;\">AJ: Rom\u00e2nilor. Pentru ca s\u0103 d\u0103inuiasc\u0103.<\/p>\n<p style=\"text-align: justify;\"><strong>Rep: Crede\u021bi c\u0103 Mar\u0219ul are ca efect salvarea vie\u021bii vreunui copil nen\u0103scut aflat \u00een pericol?<\/strong><\/p>\n<p style=\"text-align: justify;\">AJ: Cred. \u015ei \u015ftiu asta ca o certitudine.<\/p>\n<p style=\"text-align: justify;\"><strong>Rep: S-a vorbit despre faptul c\u0103 \u00een Rom\u00e2nia nu exist\u0103 o cultur\u0103 a adop\u021biei. Mamele \u015fi familiile aflate \u00een criz\u0103 de sarcin\u0103 sau \u00een situa\u021bii dificile dup\u0103 na\u0219tere nu se g\u00e2ndesc s\u0103 \u00eencredin\u021beze copilul spre adop\u021bie. Nici statul nu prevede adop\u021bia \u00een criza de sarcin\u0103, nici societatea nu valorizeaz\u0103 actul adop\u021biei, p\u0103rin\u021bii adoptivi \u0219i copiii adopta\u021bi. Ce crede\u021bi c\u0103 se poate face \u00een aceast\u0103 privin\u021b\u0103?<\/strong><\/p>\n<p style=\"text-align: justify;\">AJ: Cred c\u0103 at\u00e2ta vreme c\u00e2t la c\u00e2rma \u0163\u0103rii nu se afl\u0103 un OM CU DRAGOSTE DE \u0162AR\u0102 care s\u0103 se \u00eenconjoare de consilieri asemenea lui, care s\u0103 aib\u0103 o viziune pe termen lung pentru Rom\u00e2nia, discu\u0163iile se dovedesc a fi infertile, iar rezolv\u0103rile doar punctuale.<\/p>\n<p style=\"text-align: justify;\">Rom\u00e2nia are nevoie de politici guvernamentale care s\u0103 lumineze mai multe aspecte ale vie\u0163ii rom\u00e2nilor, dintre care problema adop\u0163iei, de altfel mult mai delicat\u0103 din punct de vedere duhovnicesc dec\u00e2t pare, e doar una dintre ele.<\/p>\n<p style=\"text-align: justify;\"><strong>Rep: Cunoa\u0219te\u021bi un caz de adop\u021bie care a adus bine \u00een via\u021ba tuturor celor implica\u021bi \u2013 copilul, p\u0103rin\u021bi naturali, p\u0103rin\u021bii adoptivi?<\/strong><\/p>\n<p style=\"text-align: justify;\">AJ: Cunosc mai multe astfel de cazuri.<\/p>\n<p style=\"text-align: justify;\"><strong>Rep: \u00cen statele occidentale, mai ales \u00een SUA, adop\u021bia este un mod de via\u021b\u0103. Actori \u0219i c\u00e2nt\u0103re\u021bi celebri adopt\u0103 copii, familii obi\u0219nuite adopt\u0103 un num\u0103r foarte mare de copii \u2013 uneori chiar mai mare de cinci \u2013, familii care au un copil cu dizabilitate, de exemplu cu Sindrom Down, adopt\u0103 al\u021bi copii cu aceea\u0219i dizabilitate. Cum crede\u021bi c\u0103 s-ar putea dob\u00e2ndi \u0219i \u00een societatea rom\u00e2neasc\u0103 aceast\u0103 deprindere nobil\u0103, de a adopta nu doar atunci c\u00e2nd o familie nu are copii, ci de a adopta cu g\u00e2ndul la binele unui copil aflat \u00eentr-o situa\u021bie critic\u0103?<\/strong><\/p>\n<p style=\"text-align: justify;\">AJ: Cred c\u0103 \u00eencercarea de a asimila cu orice pre\u0163 diversele mentalit\u0103\u0163i occidentale \u015fi, mai ales, americane, este sortit\u0103 din start e\u015fecului.<\/p>\n<p style=\"text-align: justify;\">Rom\u00e2nul are o alt\u0103 structur\u0103 sufleteasc\u0103, dac\u0103 vre\u0163i, dec\u00e2t americanul sau neam\u0163ul.<\/p>\n<p style=\"text-align: justify;\">Consider c\u0103 principalul accent ar trebui pus, \u00een societatea rom\u00e2neasc\u0103 a momentului, pe sus\u0163inerea familiei \u015fi \u00eencurajarea natalit\u0103\u0163ii prin politici clare \u015fi coerente pe termen lung.<\/p>\n<p style=\"text-align: justify;\">Societatea rom\u00e2neasc\u0103 presupun c\u0103 ar putea c\u0103p\u0103ta cu u\u015furin\u0163\u0103 aceast\u0103 deprindere nobil\u0103 a adop\u0163iei dac\u0103 nivelul de trai s-ar ridica la nivelul societ\u0103\u0163ilor la care face\u0163i referire. \u015ei din nou ajungem la politic\u0103. E un cerc vicios, ca s\u0103 nu spun viciat.<\/p>\n<p style=\"text-align: justify;\"><strong>Rep: Ce reprezint\u0103 pentru dumneavoastr\u0103 b\u0103rbatul, ce reprezint\u0103 femeia, ce reprezint\u0103 copiii?<\/strong><\/p>\n<p style=\"text-align: justify;\">AJ: Sf\u00e2ntul Apostol Pavel spune: \u201eSupune\u0163i-v\u0103 unul altuia \u00eentru frica lui Hristos. Femeile s\u0103 se supun\u0103 b\u0103rba\u0163ilor lor ca Domnului, pentru c\u0103 b\u0103rbatul este cap femeii precum \u015fi Hristos este cap Bisericii, trupul S\u0103u, al c\u0103rui m\u00e2ntuitor \u015fi este.[&#8230;] B\u0103rba\u0163ilor iubi\u0163i femeile voastre dup\u0103 cum \u015fi Hristos a iubit Biserica \u015fi S-a dat pe Sine pentru ea[\u2026] A\u015fadar, b\u0103rba\u0163ii sunt datori s\u0103-\u015fi iubeasc\u0103 femeile, ca pe \u00eense\u015fi trupurile lor. Cel ce-\u015fi iube\u015fte femeia sa pe sine se iube\u015fte.\u201d (Efeseni 5, 21-28).<\/p>\n<p style=\"text-align: justify;\">\u201eIat\u0103, fiii sunt mo\u015ftenirea Domnului, r\u0103splata rodului p\u00e2ntecelui.<\/p>\n<p style=\"text-align: justify;\">Precum sunt s\u0103ge\u0163ile \u00een m\u00e2na celui viteaz, a\u015fa sunt copiii p\u0103rin\u0163ilor tineri.<\/p>\n<p style=\"text-align: justify;\">Fericit este omul care-\u015fi va umple casa de copii; nu se va ru\u015fina c\u00e2nd va gr\u0103i cu vr\u0103jma\u015fii s\u0103i \u00een poart\u0103.\u201d (Ps. 126, 3,4,5)<\/p>\n<p style=\"text-align: justify;\"><strong>Rep: Ce le-a\u0163i cere politicienilor s\u0103 fac\u0103 pentru a proteja \u015fi a promova via\u021ba? \u00cen condi\u0163iile \u00een care avortul nu ar putea fi total interzis, ce alte instrumente crede\u0163i c\u0103 avem la \u00eendem\u00e2n\u0103 pentru a ap\u0103ra copiii nen\u0103scu\u0163i?<\/strong><\/p>\n<p style=\"text-align: justify;\">AJ: De ce nu ar putea fi total interzis? Eu le-a\u015f cere politicienilor s\u0103 interzic\u0103 avortul, a\u015fa cum orice fel de crim\u0103 este interzis\u0103 \u015fi pedepsit\u0103 de Codul penal.<\/p>\n<p style=\"text-align: justify;\">\u00cen ce m\u0103sur\u0103 este Rom\u00e2nia un stat cre\u015ftin at\u00e2ta vreme c\u00e2t avortul, uciderea unei fiin\u0163e aflate \u00een imposibilitatea de a se ap\u0103ra, este legal?<\/p>\n<p style=\"text-align: justify;\">Le cer politicienilor s\u0103 \u00ee\u015fi asume morala cre\u015ftin\u0103 \u015fi de aici lucrurile ar deveni limpezi.<\/p>\n<p style=\"text-align: justify;\">Copiii nen\u0103scu\u0163i pot fi ap\u0103ra\u0163i educ\u00e2ndu-i pe cei n\u0103scu\u0163i.<\/p>\n<p style=\"text-align: justify;\"><strong>Rep: Care este programul manifest\u0103rilor prilejuite de Mar\u015ful pentru Via\u0163\u0103 \u00een ora\u015ful dumneavoastr\u0103?<\/strong><\/p>\n<p style=\"text-align: justify;\">AJ: \u00cen Arad vom avea trei zile de ac\u0163iuni anti-avort.<\/p>\n<p style=\"text-align: justify;\">21 martie 2014: Ziua de Doliu Na\u0163ional pentru pruncul nen\u0103scut, \u00een memoria milioanelor de prunci ce nu au apucat s\u0103 vad\u0103 lumina zilei \u015fi Lumina Botezului. \u00cen memoria lor vom purta de-a lungul \u00eentregii zile o panglic\u0103 de doliu la piept.<\/p>\n<p style=\"text-align: justify;\">22 martie 2014, ora 12:00: \u201eUn copil e Bucurie!\u201d \u2013 Mar\u015ful pentru via\u0163\u0103, din pia\u0163a Avram Iancu din Arad. Vom face o oprire la Spitalul Matern, unde vom depune simbolic o coroan\u0103 de flori la u\u015fa cabinetului unde se fac avorturi \u015fi vom face rug\u0103ciune pentru sufletele celor ce au fost uci\u015fi acolo, iar apoi ne vom \u00eendrepta spre catedrala ortodox\u0103 \u201eSf\u00e2nta Treime\u201d, pe platoul c\u0103reia vom face o cruce de lum\u00e2n\u0103ri \u015fi ne vom ruga pentru \u00eentreg neamul rom\u00e2nesc.<\/p>\n<p style=\"text-align: justify;\">24 martie 2014: Pichetare pe parcursul a 2 ore a 14 loca\u0163ii, cabinete, clinici sau spitale unde se efectueaz\u0103 avorturi sau diverse alte proceduri care au drept scop terminarea vie\u0163ii umane. \u00cencerc\u0103m astfel, s\u0103 sensibiliz\u0103m \u015fi mai mult opinia public\u0103, medicii \u015fi personalul medical \u00een leg\u0103tur\u0103 cu subiectul avortului \u015fi a\u015fa zisei contracep\u0163ii.<\/p>\n<p style=\"text-align: justify;\"><strong>Rep: Ave\u0163i un mesaj de ad\u0103ugat?<\/strong><\/p>\n<p style=\"text-align: justify;\">AJ: Dumnezeu s\u0103 ne ajute!<\/p>\n<p>&nbsp;<\/p>\n<p>AnaMaria Jitea<\/p>\n<p>0742 678 744<\/p>\n<p>www.alegeviata.org<\/p>\n<p>Surs\u0103: <a href=\"http:\/\/stiripentruviata.ro\/sustinerea-familiei-si-incurajarea-natalitatii-prin-politici-clare-si-coerente-pe-termen-lung-anamaria-jitea-studenta-la-teologie-din-arad-marsul-pentru-viata-20\/\" target=\"_blank\">\u015etiri pentru via\u0163\u0103<\/a><\/p>\n","protected":false},"excerpt":{"rendered":"<p>\u00a0 Anamaria Jitea, o jurist\u0103 de 40 de ani, este voluntar \u00een campania de informare \u201eAlege Via\u0163a!\u201d \u015fi student\u0103 la Facultatea de Teologie Ortodox\u0103 \u201eIlarion V. Felea\u201d din Arad. Spune c\u0103 implicarea sa are deja o tradi\u0163ie de trei ani \u015fi e o consecin\u0163\u0103 fireasc\u0103 a desf\u0103\u015fur\u0103rii \u00een ultimii patru ani a campaniei de informare [&hellip;]<\/p>\n","protected":false},"author":2,"featured_media":0,"comment_status":"open","ping_status":"open","sticky":false,"template":"","format":"standard","meta":{"jetpack_post_was_ever_published":false,"_jetpack_newsletter_access":"","_jetpack_dont_email_post_to_subs":false,"_jetpack_newsletter_tier_id":0,"_jetpack_memberships_contains_paywalled_content":false,"_jetpack_memberships_contains_paid_content":false,"footnotes":""},"categories":[6],"tags":[18,29,35,79,102,147,178],"class_list":["post-576","post","type-post","status-publish","format-standard","hentry","category-editia-2014","tag-adoptie","tag-arad","tag-avort","tag-copii-nenascuti","tag-familie","tag-marsul-pentru-viata-2014","tag-parinti"],"yoast_head":"<!-- This site is optimized with the Yoast SEO plugin v27.5 - https:\/\/yoast.com\/product\/yoast-seo-wordpress\/ -->\n<title>\u201eSus\u0163inerea familiei \u015fi \u00eencurajarea natalit\u0103\u0163ii prin politici clare \u015fi coerente pe termen lung\u201c \u2013 Anamaria Jitea, student\u0103 la teologie din Arad \u2013 Mar\u015ful pentru via\u0163\u0103 2014 - Mar\u0219ul pentru via\u021b\u0103<\/title>\n<meta name=\"robots\" content=\"index, follow, max-snippet:-1, max-image-preview:large, max-video-preview:-1\" \/>\n<link rel=\"canonical\" href=\"http:\/\/www.marsulpentruviata.md\/en\/sustinerea-familiei-si-incurajarea-natalitatii-prin-politici-clare-si-coerente-pe-termen-lung-anamaria-jitea-studenta-la-teologie-din-arad-marsul-pentru-viata-20\/\" \/>\n<meta property=\"og:locale\" content=\"en_US\" \/>\n<meta property=\"og:type\" content=\"article\" \/>\n<meta property=\"og:title\" content=\"\u201eSus\u0163inerea familiei \u015fi \u00eencurajarea natalit\u0103\u0163ii prin politici clare \u015fi coerente pe termen lung\u201c \u2013 Anamaria Jitea, student\u0103 la teologie din Arad \u2013 Mar\u015ful pentru via\u0163\u0103 2014 - Mar\u0219ul pentru via\u021b\u0103\" \/>\n<meta property=\"og:description\" content=\"\u00a0 Anamaria Jitea, o jurist\u0103 de 40 de ani, este voluntar \u00een campania de informare \u201eAlege Via\u0163a!\u201d \u015fi student\u0103 la Facultatea de Teologie Ortodox\u0103 \u201eIlarion V. Felea\u201d din Arad. Spune c\u0103 implicarea sa are deja o tradi\u0163ie de trei ani \u015fi e o consecin\u0163\u0103 fireasc\u0103 a desf\u0103\u015fur\u0103rii \u00een ultimii patru ani a campaniei de informare [&hellip;]\" \/>\n<meta property=\"og:url\" content=\"http:\/\/www.marsulpentruviata.md\/en\/sustinerea-familiei-si-incurajarea-natalitatii-prin-politici-clare-si-coerente-pe-termen-lung-anamaria-jitea-studenta-la-teologie-din-arad-marsul-pentru-viata-20\/\" \/>\n<meta property=\"og:site_name\" content=\"Mar\u0219ul pentru via\u021b\u0103\" \/>\n<meta property=\"article:published_time\" content=\"2014-03-17T12:17:49+00:00\" \/>\n<meta property=\"article:modified_time\" content=\"2016-03-19T20:42:38+00:00\" \/>\n<meta property=\"og:image\" content=\"http:\/\/marsulpentruviata.md\/wp-content\/uploads\/2014\/03\/Arad-afis2014-lnd-1-1024x717-1.jpg\" \/>\n<meta name=\"author\" content=\"mpv2016\" \/>\n<meta name=\"twitter:card\" content=\"summary_large_image\" \/>\n<meta name=\"twitter:label1\" content=\"Written by\" \/>\n\t<meta name=\"twitter:data1\" content=\"mpv2016\" \/>\n\t<meta name=\"twitter:label2\" content=\"Est. reading time\" \/>\n\t<meta name=\"twitter:data2\" content=\"6 minutes\" \/>\n<script type=\"application\/ld+json\" class=\"yoast-schema-graph\">{\"@context\":\"https:\\\/\\\/schema.org\",\"@graph\":[{\"@type\":\"Article\",\"@id\":\"http:\\\/\\\/www.marsulpentruviata.md\\\/sustinerea-familiei-si-incurajarea-natalitatii-prin-politici-clare-si-coerente-pe-termen-lung-anamaria-jitea-studenta-la-teologie-din-arad-marsul-pentru-viata-20\\\/#article\",\"isPartOf\":{\"@id\":\"http:\\\/\\\/www.marsulpentruviata.md\\\/sustinerea-familiei-si-incurajarea-natalitatii-prin-politici-clare-si-coerente-pe-termen-lung-anamaria-jitea-studenta-la-teologie-din-arad-marsul-pentru-viata-20\\\/\"},\"author\":{\"name\":\"mpv2016\",\"@id\":\"http:\\\/\\\/www.marsulpentruviata.md\\\/#\\\/schema\\\/person\\\/6b5d53acdff44eda0df653103ffb92a3\"},\"headline\":\"\u201eSus\u0163inerea familiei \u015fi \u00eencurajarea natalit\u0103\u0163ii prin politici clare \u015fi coerente pe termen lung\u201c \u2013 Anamaria Jitea, student\u0103 la teologie din Arad \u2013 Mar\u015ful pentru via\u0163\u0103 2014\",\"datePublished\":\"2014-03-17T12:17:49+00:00\",\"dateModified\":\"2016-03-19T20:42:38+00:00\",\"mainEntityOfPage\":{\"@id\":\"http:\\\/\\\/www.marsulpentruviata.md\\\/sustinerea-familiei-si-incurajarea-natalitatii-prin-politici-clare-si-coerente-pe-termen-lung-anamaria-jitea-studenta-la-teologie-din-arad-marsul-pentru-viata-20\\\/\"},\"wordCount\":1166,\"commentCount\":1,\"image\":{\"@id\":\"http:\\\/\\\/www.marsulpentruviata.md\\\/sustinerea-familiei-si-incurajarea-natalitatii-prin-politici-clare-si-coerente-pe-termen-lung-anamaria-jitea-studenta-la-teologie-din-arad-marsul-pentru-viata-20\\\/#primaryimage\"},\"thumbnailUrl\":\"http:\\\/\\\/marsulpentruviata.md\\\/wp-content\\\/uploads\\\/2014\\\/03\\\/Arad-afis2014-lnd-1-1024x717-1.jpg\",\"keywords\":[\"adop\u021bie\",\"Arad\",\"avort\",\"copii nen\u0103scu\u0163i\",\"familie\",\"Mar\u0219ul pentru via\u021b\u0103 2014\",\"p\u0103rin\u0163i\"],\"articleSection\":[\"Edi\u021bia 2014\"],\"inLanguage\":\"en-US\",\"potentialAction\":[{\"@type\":\"CommentAction\",\"name\":\"Comment\",\"target\":[\"http:\\\/\\\/www.marsulpentruviata.md\\\/sustinerea-familiei-si-incurajarea-natalitatii-prin-politici-clare-si-coerente-pe-termen-lung-anamaria-jitea-studenta-la-teologie-din-arad-marsul-pentru-viata-20\\\/#respond\"]}]},{\"@type\":\"WebPage\",\"@id\":\"http:\\\/\\\/www.marsulpentruviata.md\\\/sustinerea-familiei-si-incurajarea-natalitatii-prin-politici-clare-si-coerente-pe-termen-lung-anamaria-jitea-studenta-la-teologie-din-arad-marsul-pentru-viata-20\\\/\",\"url\":\"http:\\\/\\\/www.marsulpentruviata.md\\\/sustinerea-familiei-si-incurajarea-natalitatii-prin-politici-clare-si-coerente-pe-termen-lung-anamaria-jitea-studenta-la-teologie-din-arad-marsul-pentru-viata-20\\\/\",\"name\":\"\u201eSus\u0163inerea familiei \u015fi \u00eencurajarea natalit\u0103\u0163ii prin politici clare \u015fi coerente pe termen lung\u201c \u2013 Anamaria Jitea, student\u0103 la teologie din Arad \u2013 Mar\u015ful pentru via\u0163\u0103 2014 - Mar\u0219ul pentru via\u021b\u0103\",\"isPartOf\":{\"@id\":\"http:\\\/\\\/www.marsulpentruviata.md\\\/#website\"},\"primaryImageOfPage\":{\"@id\":\"http:\\\/\\\/www.marsulpentruviata.md\\\/sustinerea-familiei-si-incurajarea-natalitatii-prin-politici-clare-si-coerente-pe-termen-lung-anamaria-jitea-studenta-la-teologie-din-arad-marsul-pentru-viata-20\\\/#primaryimage\"},\"image\":{\"@id\":\"http:\\\/\\\/www.marsulpentruviata.md\\\/sustinerea-familiei-si-incurajarea-natalitatii-prin-politici-clare-si-coerente-pe-termen-lung-anamaria-jitea-studenta-la-teologie-din-arad-marsul-pentru-viata-20\\\/#primaryimage\"},\"thumbnailUrl\":\"http:\\\/\\\/marsulpentruviata.md\\\/wp-content\\\/uploads\\\/2014\\\/03\\\/Arad-afis2014-lnd-1-1024x717-1.jpg\",\"datePublished\":\"2014-03-17T12:17:49+00:00\",\"dateModified\":\"2016-03-19T20:42:38+00:00\",\"author\":{\"@id\":\"http:\\\/\\\/www.marsulpentruviata.md\\\/#\\\/schema\\\/person\\\/6b5d53acdff44eda0df653103ffb92a3\"},\"breadcrumb\":{\"@id\":\"http:\\\/\\\/www.marsulpentruviata.md\\\/sustinerea-familiei-si-incurajarea-natalitatii-prin-politici-clare-si-coerente-pe-termen-lung-anamaria-jitea-studenta-la-teologie-din-arad-marsul-pentru-viata-20\\\/#breadcrumb\"},\"inLanguage\":\"en-US\",\"potentialAction\":[{\"@type\":\"ReadAction\",\"target\":[\"http:\\\/\\\/www.marsulpentruviata.md\\\/sustinerea-familiei-si-incurajarea-natalitatii-prin-politici-clare-si-coerente-pe-termen-lung-anamaria-jitea-studenta-la-teologie-din-arad-marsul-pentru-viata-20\\\/\"]}]},{\"@type\":\"ImageObject\",\"inLanguage\":\"en-US\",\"@id\":\"http:\\\/\\\/www.marsulpentruviata.md\\\/sustinerea-familiei-si-incurajarea-natalitatii-prin-politici-clare-si-coerente-pe-termen-lung-anamaria-jitea-studenta-la-teologie-din-arad-marsul-pentru-viata-20\\\/#primaryimage\",\"url\":\"http:\\\/\\\/marsulpentruviata.md\\\/wp-content\\\/uploads\\\/2014\\\/03\\\/Arad-afis2014-lnd-1-1024x717-1.jpg\",\"contentUrl\":\"http:\\\/\\\/marsulpentruviata.md\\\/wp-content\\\/uploads\\\/2014\\\/03\\\/Arad-afis2014-lnd-1-1024x717-1.jpg\"},{\"@type\":\"BreadcrumbList\",\"@id\":\"http:\\\/\\\/www.marsulpentruviata.md\\\/sustinerea-familiei-si-incurajarea-natalitatii-prin-politici-clare-si-coerente-pe-termen-lung-anamaria-jitea-studenta-la-teologie-din-arad-marsul-pentru-viata-20\\\/#breadcrumb\",\"itemListElement\":[{\"@type\":\"ListItem\",\"position\":1,\"name\":\"Home\",\"item\":\"http:\\\/\\\/www.marsulpentruviata.md\\\/\"},{\"@type\":\"ListItem\",\"position\":2,\"name\":\"\u201eSus\u0163inerea familiei \u015fi \u00eencurajarea natalit\u0103\u0163ii prin politici clare \u015fi coerente pe termen lung\u201c \u2013 Anamaria Jitea, student\u0103 la teologie din Arad \u2013 Mar\u015ful pentru via\u0163\u0103 2014\"}]},{\"@type\":\"WebSite\",\"@id\":\"http:\\\/\\\/www.marsulpentruviata.md\\\/#website\",\"url\":\"http:\\\/\\\/www.marsulpentruviata.md\\\/\",\"name\":\"Mar\u0219ul pentru via\u021b\u0103\",\"description\":\"O lume pentru via\u021b\u0103\",\"potentialAction\":[{\"@type\":\"SearchAction\",\"target\":{\"@type\":\"EntryPoint\",\"urlTemplate\":\"http:\\\/\\\/www.marsulpentruviata.md\\\/?s={search_term_string}\"},\"query-input\":{\"@type\":\"PropertyValueSpecification\",\"valueRequired\":true,\"valueName\":\"search_term_string\"}}],\"inLanguage\":\"en-US\"},{\"@type\":\"Person\",\"@id\":\"http:\\\/\\\/www.marsulpentruviata.md\\\/#\\\/schema\\\/person\\\/6b5d53acdff44eda0df653103ffb92a3\",\"name\":\"mpv2016\",\"image\":{\"@type\":\"ImageObject\",\"inLanguage\":\"en-US\",\"@id\":\"https:\\\/\\\/secure.gravatar.com\\\/avatar\\\/05f26a2ac98bca797e21ea554e44f19c84dabe9ea4f44ba6de8d4c4ac1891d54?s=96&d=mm&r=g\",\"url\":\"https:\\\/\\\/secure.gravatar.com\\\/avatar\\\/05f26a2ac98bca797e21ea554e44f19c84dabe9ea4f44ba6de8d4c4ac1891d54?s=96&d=mm&r=g\",\"contentUrl\":\"https:\\\/\\\/secure.gravatar.com\\\/avatar\\\/05f26a2ac98bca797e21ea554e44f19c84dabe9ea4f44ba6de8d4c4ac1891d54?s=96&d=mm&r=g\",\"caption\":\"mpv2016\"},\"url\":\"http:\\\/\\\/www.marsulpentruviata.md\\\/en\\\/author\\\/mpv2016\\\/\"}]}<\/script>\n<!-- \/ Yoast SEO plugin. -->","yoast_head_json":{"title":"\u201eSus\u0163inerea familiei \u015fi \u00eencurajarea natalit\u0103\u0163ii prin politici clare \u015fi coerente pe termen lung\u201c \u2013 Anamaria Jitea, student\u0103 la teologie din Arad \u2013 Mar\u015ful pentru via\u0163\u0103 2014 - Mar\u0219ul pentru via\u021b\u0103","robots":{"index":"index","follow":"follow","max-snippet":"max-snippet:-1","max-image-preview":"max-image-preview:large","max-video-preview":"max-video-preview:-1"},"canonical":"http:\/\/www.marsulpentruviata.md\/en\/sustinerea-familiei-si-incurajarea-natalitatii-prin-politici-clare-si-coerente-pe-termen-lung-anamaria-jitea-studenta-la-teologie-din-arad-marsul-pentru-viata-20\/","og_locale":"en_US","og_type":"article","og_title":"\u201eSus\u0163inerea familiei \u015fi \u00eencurajarea natalit\u0103\u0163ii prin politici clare \u015fi coerente pe termen lung\u201c \u2013 Anamaria Jitea, student\u0103 la teologie din Arad \u2013 Mar\u015ful pentru via\u0163\u0103 2014 - Mar\u0219ul pentru via\u021b\u0103","og_description":"\u00a0 Anamaria Jitea, o jurist\u0103 de 40 de ani, este voluntar \u00een campania de informare \u201eAlege Via\u0163a!\u201d \u015fi student\u0103 la Facultatea de Teologie Ortodox\u0103 \u201eIlarion V. Felea\u201d din Arad. Spune c\u0103 implicarea sa are deja o tradi\u0163ie de trei ani \u015fi e o consecin\u0163\u0103 fireasc\u0103 a desf\u0103\u015fur\u0103rii \u00een ultimii patru ani a campaniei de informare [&hellip;]","og_url":"http:\/\/www.marsulpentruviata.md\/en\/sustinerea-familiei-si-incurajarea-natalitatii-prin-politici-clare-si-coerente-pe-termen-lung-anamaria-jitea-studenta-la-teologie-din-arad-marsul-pentru-viata-20\/","og_site_name":"Mar\u0219ul pentru via\u021b\u0103","article_published_time":"2014-03-17T12:17:49+00:00","article_modified_time":"2016-03-19T20:42:38+00:00","og_image":[{"url":"http:\/\/marsulpentruviata.md\/wp-content\/uploads\/2014\/03\/Arad-afis2014-lnd-1-1024x717-1.jpg","type":"","width":"","height":""}],"author":"mpv2016","twitter_card":"summary_large_image","twitter_misc":{"Written by":"mpv2016","Est. reading time":"6 minutes"},"schema":{"@context":"https:\/\/schema.org","@graph":[{"@type":"Article","@id":"http:\/\/www.marsulpentruviata.md\/sustinerea-familiei-si-incurajarea-natalitatii-prin-politici-clare-si-coerente-pe-termen-lung-anamaria-jitea-studenta-la-teologie-din-arad-marsul-pentru-viata-20\/#article","isPartOf":{"@id":"http:\/\/www.marsulpentruviata.md\/sustinerea-familiei-si-incurajarea-natalitatii-prin-politici-clare-si-coerente-pe-termen-lung-anamaria-jitea-studenta-la-teologie-din-arad-marsul-pentru-viata-20\/"},"author":{"name":"mpv2016","@id":"http:\/\/www.marsulpentruviata.md\/#\/schema\/person\/6b5d53acdff44eda0df653103ffb92a3"},"headline":"\u201eSus\u0163inerea familiei \u015fi \u00eencurajarea natalit\u0103\u0163ii prin politici clare \u015fi coerente pe termen lung\u201c \u2013 Anamaria Jitea, student\u0103 la teologie din Arad \u2013 Mar\u015ful pentru via\u0163\u0103 2014","datePublished":"2014-03-17T12:17:49+00:00","dateModified":"2016-03-19T20:42:38+00:00","mainEntityOfPage":{"@id":"http:\/\/www.marsulpentruviata.md\/sustinerea-familiei-si-incurajarea-natalitatii-prin-politici-clare-si-coerente-pe-termen-lung-anamaria-jitea-studenta-la-teologie-din-arad-marsul-pentru-viata-20\/"},"wordCount":1166,"commentCount":1,"image":{"@id":"http:\/\/www.marsulpentruviata.md\/sustinerea-familiei-si-incurajarea-natalitatii-prin-politici-clare-si-coerente-pe-termen-lung-anamaria-jitea-studenta-la-teologie-din-arad-marsul-pentru-viata-20\/#primaryimage"},"thumbnailUrl":"http:\/\/marsulpentruviata.md\/wp-content\/uploads\/2014\/03\/Arad-afis2014-lnd-1-1024x717-1.jpg","keywords":["adop\u021bie","Arad","avort","copii nen\u0103scu\u0163i","familie","Mar\u0219ul pentru via\u021b\u0103 2014","p\u0103rin\u0163i"],"articleSection":["Edi\u021bia 2014"],"inLanguage":"en-US","potentialAction":[{"@type":"CommentAction","name":"Comment","target":["http:\/\/www.marsulpentruviata.md\/sustinerea-familiei-si-incurajarea-natalitatii-prin-politici-clare-si-coerente-pe-termen-lung-anamaria-jitea-studenta-la-teologie-din-arad-marsul-pentru-viata-20\/#respond"]}]},{"@type":"WebPage","@id":"http:\/\/www.marsulpentruviata.md\/sustinerea-familiei-si-incurajarea-natalitatii-prin-politici-clare-si-coerente-pe-termen-lung-anamaria-jitea-studenta-la-teologie-din-arad-marsul-pentru-viata-20\/","url":"http:\/\/www.marsulpentruviata.md\/sustinerea-familiei-si-incurajarea-natalitatii-prin-politici-clare-si-coerente-pe-termen-lung-anamaria-jitea-studenta-la-teologie-din-arad-marsul-pentru-viata-20\/","name":"\u201eSus\u0163inerea familiei \u015fi \u00eencurajarea natalit\u0103\u0163ii prin politici clare \u015fi coerente pe termen lung\u201c \u2013 Anamaria Jitea, student\u0103 la teologie din Arad \u2013 Mar\u015ful pentru via\u0163\u0103 2014 - Mar\u0219ul pentru via\u021b\u0103","isPartOf":{"@id":"http:\/\/www.marsulpentruviata.md\/#website"},"primaryImageOfPage":{"@id":"http:\/\/www.marsulpentruviata.md\/sustinerea-familiei-si-incurajarea-natalitatii-prin-politici-clare-si-coerente-pe-termen-lung-anamaria-jitea-studenta-la-teologie-din-arad-marsul-pentru-viata-20\/#primaryimage"},"image":{"@id":"http:\/\/www.marsulpentruviata.md\/sustinerea-familiei-si-incurajarea-natalitatii-prin-politici-clare-si-coerente-pe-termen-lung-anamaria-jitea-studenta-la-teologie-din-arad-marsul-pentru-viata-20\/#primaryimage"},"thumbnailUrl":"http:\/\/marsulpentruviata.md\/wp-content\/uploads\/2014\/03\/Arad-afis2014-lnd-1-1024x717-1.jpg","datePublished":"2014-03-17T12:17:49+00:00","dateModified":"2016-03-19T20:42:38+00:00","author":{"@id":"http:\/\/www.marsulpentruviata.md\/#\/schema\/person\/6b5d53acdff44eda0df653103ffb92a3"},"breadcrumb":{"@id":"http:\/\/www.marsulpentruviata.md\/sustinerea-familiei-si-incurajarea-natalitatii-prin-politici-clare-si-coerente-pe-termen-lung-anamaria-jitea-studenta-la-teologie-din-arad-marsul-pentru-viata-20\/#breadcrumb"},"inLanguage":"en-US","potentialAction":[{"@type":"ReadAction","target":["http:\/\/www.marsulpentruviata.md\/sustinerea-familiei-si-incurajarea-natalitatii-prin-politici-clare-si-coerente-pe-termen-lung-anamaria-jitea-studenta-la-teologie-din-arad-marsul-pentru-viata-20\/"]}]},{"@type":"ImageObject","inLanguage":"en-US","@id":"http:\/\/www.marsulpentruviata.md\/sustinerea-familiei-si-incurajarea-natalitatii-prin-politici-clare-si-coerente-pe-termen-lung-anamaria-jitea-studenta-la-teologie-din-arad-marsul-pentru-viata-20\/#primaryimage","url":"http:\/\/marsulpentruviata.md\/wp-content\/uploads\/2014\/03\/Arad-afis2014-lnd-1-1024x717-1.jpg","contentUrl":"http:\/\/marsulpentruviata.md\/wp-content\/uploads\/2014\/03\/Arad-afis2014-lnd-1-1024x717-1.jpg"},{"@type":"BreadcrumbList","@id":"http:\/\/www.marsulpentruviata.md\/sustinerea-familiei-si-incurajarea-natalitatii-prin-politici-clare-si-coerente-pe-termen-lung-anamaria-jitea-studenta-la-teologie-din-arad-marsul-pentru-viata-20\/#breadcrumb","itemListElement":[{"@type":"ListItem","position":1,"name":"Home","item":"http:\/\/www.marsulpentruviata.md\/"},{"@type":"ListItem","position":2,"name":"\u201eSus\u0163inerea familiei \u015fi \u00eencurajarea natalit\u0103\u0163ii prin politici clare \u015fi coerente pe termen lung\u201c \u2013 Anamaria Jitea, student\u0103 la teologie din Arad \u2013 Mar\u015ful pentru via\u0163\u0103 2014"}]},{"@type":"WebSite","@id":"http:\/\/www.marsulpentruviata.md\/#website","url":"http:\/\/www.marsulpentruviata.md\/","name":"March for Life","description":"O lume pentru via\u021b\u0103","potentialAction":[{"@type":"SearchAction","target":{"@type":"EntryPoint","urlTemplate":"http:\/\/www.marsulpentruviata.md\/?s={search_term_string}"},"query-input":{"@type":"PropertyValueSpecification","valueRequired":true,"valueName":"search_term_string"}}],"inLanguage":"en-US"},{"@type":"Person","@id":"http:\/\/www.marsulpentruviata.md\/#\/schema\/person\/6b5d53acdff44eda0df653103ffb92a3","name":"mpv2016","image":{"@type":"ImageObject","inLanguage":"en-US","@id":"https:\/\/secure.gravatar.com\/avatar\/05f26a2ac98bca797e21ea554e44f19c84dabe9ea4f44ba6de8d4c4ac1891d54?s=96&d=mm&r=g","url":"https:\/\/secure.gravatar.com\/avatar\/05f26a2ac98bca797e21ea554e44f19c84dabe9ea4f44ba6de8d4c4ac1891d54?s=96&d=mm&r=g","contentUrl":"https:\/\/secure.gravatar.com\/avatar\/05f26a2ac98bca797e21ea554e44f19c84dabe9ea4f44ba6de8d4c4ac1891d54?s=96&d=mm&r=g","caption":"mpv2016"},"url":"http:\/\/www.marsulpentruviata.md\/en\/author\/mpv2016\/"}]}},"jetpack_featured_media_url":"","jetpack_sharing_enabled":true,"jetpack_shortlink":"https:\/\/wp.me\/p7mnA9-9i","_links":{"self":[{"href":"http:\/\/www.marsulpentruviata.md\/en\/wp-json\/wp\/v2\/posts\/576","targetHints":{"allow":["GET"]}}],"collection":[{"href":"http:\/\/www.marsulpentruviata.md\/en\/wp-json\/wp\/v2\/posts"}],"about":[{"href":"http:\/\/www.marsulpentruviata.md\/en\/wp-json\/wp\/v2\/types\/post"}],"author":[{"embeddable":true,"href":"http:\/\/www.marsulpentruviata.md\/en\/wp-json\/wp\/v2\/users\/2"}],"replies":[{"embeddable":true,"href":"http:\/\/www.marsulpentruviata.md\/en\/wp-json\/wp\/v2\/comments?post=576"}],"version-history":[{"count":1,"href":"http:\/\/www.marsulpentruviata.md\/en\/wp-json\/wp\/v2\/posts\/576\/revisions"}],"predecessor-version":[{"id":2009,"href":"http:\/\/www.marsulpentruviata.md\/en\/wp-json\/wp\/v2\/posts\/576\/revisions\/2009"}],"wp:attachment":[{"href":"http:\/\/www.marsulpentruviata.md\/en\/wp-json\/wp\/v2\/media?parent=576"}],"wp:term":[{"taxonomy":"category","embeddable":true,"href":"http:\/\/www.marsulpentruviata.md\/en\/wp-json\/wp\/v2\/categories?post=576"},{"taxonomy":"post_tag","embeddable":true,"href":"http:\/\/www.marsulpentruviata.md\/en\/wp-json\/wp\/v2\/tags?post=576"}],"curies":[{"name":"wp","href":"https:\/\/api.w.org\/{rel}","templated":true}]}}