{"id":580,"date":"2014-03-17T14:57:48","date_gmt":"2014-03-17T12:57:48","guid":{"rendered":"http:\/\/www.marsulpentruviata.ro\/?p=580"},"modified":"2016-03-19T20:42:35","modified_gmt":"2016-03-19T20:42:35","slug":"cunosc-familii-care-au-adoptat-copii-si-sunt-o-binecuvantare-gatea-nicolae-marsul-pentru-viata-2014-la-ocna-mures","status":"publish","type":"post","link":"http:\/\/www.marsulpentruviata.md\/en\/cunosc-familii-care-au-adoptat-copii-si-sunt-o-binecuvantare-gatea-nicolae-marsul-pentru-viata-2014-la-ocna-mures\/","title":{"rendered":"\u201eCunosc familii care au adoptat copii \u0219i sunt o binecuv\u00e2ntare\u201d \u2013 Gatea Nicolae, Mar\u0219ul pentru via\u021b\u0103 2014 la Ocna Mure\u015f"},"content":{"rendered":"<p class=\"MsoNormal\" style=\"text-align: justify;\"><a href=\"http:\/\/marsulpentruviata.md\/wp-content\/uploads\/2014\/03\/pancarte-MPV-2014-INTERNET-111-1.jpg\"><img loading=\"lazy\" decoding=\"async\" class=\"aligncenter  wp-image-581\" alt=\"pancarte-MPV-2014-INTERNET-11\" src=\"http:\/\/marsulpentruviata.md\/wp-content\/uploads\/2014\/03\/pancarte-MPV-2014-INTERNET-111-1.jpg\" width=\"305\" height=\"217\" \/><\/a><\/p>\n<p class=\"MsoNormal\" style=\"text-align: justify;\"><strong>Gatea Nicolae, de 49 ani, absolvent al <span lang=\"X-NONE\" style=\"font-family: Tahoma;\">\u0219<\/span>colii biblice \u201cChrist For The Nations\u201d din Dallas, SUA, este pastor al biserici Bunul Samaritean din Ocna Mure<span lang=\"X-NONE\" style=\"font-family: Tahoma;\">\u0219<\/span><span lang=\"X-NONE\" style=\"font-family: Tahoma;\">\u0219<\/span>i Pre<span lang=\"X-NONE\" style=\"font-family: Tahoma;\">\u0219<\/span>edinte al Asocia<span lang=\"X-NONE\" style=\"font-family: Tahoma;\">\u021b<\/span>iei Bunul Samaritean Ocna Mure<span lang=\"X-NONE\" style=\"font-family: Tahoma;\">\u0219<\/span>. El s-a implicat \u00een organizarea Mar\u015fului pentru via\u0163\u0103 2014 \u201epentru a ajuta oamenii, femeile, s\u0103 con\u015ftientizeze c\u0103 avortul este omor, crim\u0103 <span lang=\"X-NONE\" style=\"font-family: Tahoma;\">\u0219<\/span>i nu doar extirparea unui fetus\u201d.<\/strong><span lang=\"X-NONE\" style=\"mso-fareast-font-family: 'Times New Roman'; mso-ansi-language: X-NONE;\"><br \/>\n<\/span><\/p>\n<p class=\"MsoNormal\" style=\"text-align: justify;\"><strong>Rep: Ce v-a r\u0103mas \u00een minte de la edi\u0163iile anterioare ale Mar\u015fului?<\/strong><\/p>\n<p class=\"MsoNormal\" style=\"text-align: justify;\"><span lang=\"X-NONE\" style=\"mso-fareast-font-family: 'Times New Roman'; mso-ansi-language: X-NONE;\">GN: Anul trecut am fost implica<\/span><span lang=\"X-NONE\" style=\"font-family: Tahoma; mso-fareast-font-family: 'Times New Roman'; mso-ansi-language: X-NONE;\">\u021b<\/span><span lang=\"X-NONE\" style=\"mso-fareast-font-family: 'Times New Roman'; mso-ansi-language: X-NONE;\">i \u00een MPV 2013 la Alba Iulia, eveniment organizat de pastorul Ghi<\/span><span lang=\"X-NONE\" style=\"font-family: Tahoma; mso-fareast-font-family: 'Times New Roman'; mso-ansi-language: X-NONE;\">\u021b<\/span><span lang=\"X-NONE\" style=\"mso-fareast-font-family: 'Times New Roman'; mso-ansi-language: X-NONE;\">\u0103 Dicoi. M-a surprins faptul c\u0103 oamenii sunt a<\/span><span lang=\"X-NONE\" style=\"font-family: Tahoma; mso-fareast-font-family: 'Times New Roman'; mso-ansi-language: X-NONE;\">\u0219<\/span><span lang=\"X-NONE\" style=\"mso-fareast-font-family: 'Times New Roman'; mso-ansi-language: X-NONE;\">a de dezinforma<\/span><span lang=\"X-NONE\" style=\"font-family: Tahoma; mso-fareast-font-family: 'Times New Roman'; mso-ansi-language: X-NONE;\">\u021b<\/span><span lang=\"X-NONE\" style=\"mso-fareast-font-family: 'Times New Roman'; mso-ansi-language: X-NONE;\">i <\/span><span lang=\"X-NONE\" style=\"font-family: Tahoma; mso-fareast-font-family: 'Times New Roman'; mso-ansi-language: X-NONE;\">\u0219<\/span><span lang=\"X-NONE\" style=\"mso-fareast-font-family: 'Times New Roman'; mso-ansi-language: X-NONE;\">i departe de adev\u0103r cu privire la avort.<br \/>\n<\/span><\/p>\n<p class=\"MsoNormal\" style=\"text-align: justify;\"><strong>Rep: Cui adresa<span lang=\"X-NONE\" style=\"font-family: Tahoma;\">\u021b<\/span>i invita<span lang=\"X-NONE\" style=\"font-family: Tahoma;\">\u021b<\/span>ia de a participa la Mar<span lang=\"X-NONE\" style=\"font-family: Tahoma;\">\u0219<\/span><span lang=\"X-NONE\" style=\"font-family: Tahoma;\">\u0219<\/span>i de ce?<\/strong><\/p>\n<p class=\"MsoNormal\" style=\"text-align: justify;\"><span lang=\"X-NONE\" style=\"mso-fareast-font-family: 'Times New Roman'; mso-ansi-language: X-NONE;\">GN: Fiec\u0103rei persoane care este dispus\u0103 s\u0103 lupte ca acest adev\u0103r s\u0103 ias\u0103 la lumina <\/span><span lang=\"X-NONE\" style=\"font-family: Tahoma; mso-fareast-font-family: 'Times New Roman'; mso-ansi-language: X-NONE;\">\u0219<\/span><span lang=\"X-NONE\" style=\"mso-fareast-font-family: 'Times New Roman'; mso-ansi-language: X-NONE;\">i s\u0103 fie cunoscut <\/span><span lang=\"X-NONE\" style=\"font-family: Tahoma; mso-fareast-font-family: 'Times New Roman'; mso-ansi-language: X-NONE;\">\u0219<\/span><span lang=\"X-NONE\" style=\"mso-fareast-font-family: 'Times New Roman'; mso-ansi-language: X-NONE;\">i \u00een ora<\/span><span lang=\"X-NONE\" style=\"font-family: Tahoma; mso-fareast-font-family: 'Times New Roman'; mso-ansi-language: X-NONE;\">\u0219<\/span><span lang=\"X-NONE\" style=\"mso-fareast-font-family: 'Times New Roman'; mso-ansi-language: X-NONE;\">ul nostru.<br \/>\n<\/span><\/p>\n<p class=\"MsoNormal\" style=\"text-align: justify;\"><strong>Rep: Crede<span lang=\"X-NONE\" style=\"font-family: Tahoma;\">\u021b<\/span>i c\u0103 Mar<span lang=\"X-NONE\" style=\"font-family: Tahoma;\">\u0219<\/span>ul are ca efect salvarea vie<span lang=\"X-NONE\" style=\"font-family: Tahoma;\">\u021b<\/span>ii vreunui copil nen\u0103scut aflat \u00een pericol?<\/strong><\/p>\n<p class=\"MsoNormal\" style=\"text-align: justify;\"><span lang=\"X-NONE\" style=\"mso-fareast-font-family: 'Times New Roman'; mso-ansi-language: X-NONE;\">GN: Da cred cu t\u0103rie c\u0103 atitudinea oamenilor se va schimba odat\u0103 cu aceast\u0103 informare <\/span><span lang=\"X-NONE\" style=\"font-family: Tahoma; mso-fareast-font-family: 'Times New Roman'; mso-ansi-language: X-NONE;\">\u0219<\/span><span lang=\"X-NONE\" style=\"mso-fareast-font-family: 'Times New Roman'; mso-ansi-language: X-NONE;\">i vie<\/span><span lang=\"X-NONE\" style=\"font-family: Tahoma; mso-fareast-font-family: 'Times New Roman'; mso-ansi-language: X-NONE;\">\u021b<\/span><span lang=\"X-NONE\" style=\"mso-fareast-font-family: 'Times New Roman'; mso-ansi-language: X-NONE;\">i ale copiilor nen\u0103scu<\/span><span lang=\"X-NONE\" style=\"font-family: Tahoma; mso-fareast-font-family: 'Times New Roman'; mso-ansi-language: X-NONE;\">\u021b<\/span><span lang=\"X-NONE\" style=\"mso-fareast-font-family: 'Times New Roman'; mso-ansi-language: X-NONE;\">i vor fi salvate.<br \/>\n<\/span><\/p>\n<p class=\"MsoNormal\" style=\"text-align: justify;\"><strong>Rep: S-a vorbit despre faptul c\u0103 \u00een Rom\u00e2nia nu exist\u0103 o cultur\u0103 a adop<span lang=\"X-NONE\" style=\"font-family: Tahoma;\">\u021b<\/span>iei. Mamele \u015fi familiile aflate \u00een criz\u0103 de sarcin\u0103 sau \u00een situa<span lang=\"X-NONE\" style=\"font-family: Tahoma;\">\u021b<\/span>ii dificile dup\u0103 na<span lang=\"X-NONE\" style=\"font-family: Tahoma;\">\u0219<\/span>tere nu se g\u00e2ndesc s\u0103 \u00eencredin<span lang=\"X-NONE\" style=\"font-family: Tahoma;\">\u021b<\/span>eze copilul spre adop<span lang=\"X-NONE\" style=\"font-family: Tahoma;\">\u021b<\/span>ie. Nici statul nu prevede adop<span lang=\"X-NONE\" style=\"font-family: Tahoma;\">\u021b<\/span>ia \u00een criza de sarcin\u0103, nici societatea nu valorizeaz\u0103 actul adop<span lang=\"X-NONE\" style=\"font-family: Tahoma;\">\u021b<\/span>iei, p\u0103rin<span lang=\"X-NONE\" style=\"font-family: Tahoma;\">\u021b<\/span>ii adoptivi <span lang=\"X-NONE\" style=\"font-family: Tahoma;\">\u0219<\/span>i copiii adopta<span lang=\"X-NONE\" style=\"font-family: Tahoma;\">\u021b<\/span>i. Ce crede<span lang=\"X-NONE\" style=\"font-family: Tahoma;\">\u021b<\/span>i c\u0103 se poate face \u00een aceast\u0103 privin<span lang=\"X-NONE\" style=\"font-family: Tahoma;\">\u021b<\/span>\u0103?<\/strong><\/p>\n<p class=\"MsoNormal\" style=\"text-align: justify;\"><span lang=\"X-NONE\" style=\"mso-fareast-font-family: 'Times New Roman'; mso-ansi-language: X-NONE;\">GN: Bisericile trebuie s\u0103 ia atitudine \u00een aceast\u0103 privin<\/span><span lang=\"X-NONE\" style=\"font-family: Tahoma; mso-fareast-font-family: 'Times New Roman'; mso-ansi-language: X-NONE;\">\u021b<\/span><span lang=\"X-NONE\" style=\"mso-fareast-font-family: 'Times New Roman'; mso-ansi-language: X-NONE;\">\u0103 <\/span><span lang=\"X-NONE\" style=\"font-family: Tahoma; mso-fareast-font-family: 'Times New Roman'; mso-ansi-language: X-NONE;\">\u0219<\/span><span lang=\"X-NONE\" style=\"mso-fareast-font-family: 'Times New Roman'; mso-ansi-language: X-NONE;\">i s\u0103 dezvolte, prin biseric\u0103, cultura adop<\/span><span lang=\"X-NONE\" style=\"font-family: Tahoma; mso-fareast-font-family: 'Times New Roman'; mso-ansi-language: X-NONE;\">\u021b<\/span><span lang=\"X-NONE\" style=\"mso-fareast-font-family: 'Times New Roman'; mso-ansi-language: X-NONE;\">iei \u00een Rom\u00e2nia.<br \/>\n<\/span><\/p>\n<p class=\"MsoNormal\" style=\"text-align: justify;\"><strong>Rep: Cunoa<span lang=\"X-NONE\" style=\"font-family: Tahoma;\">\u0219<\/span>te<span lang=\"X-NONE\" style=\"font-family: Tahoma;\">\u021b<\/span>i un caz de adop<span lang=\"X-NONE\" style=\"font-family: Tahoma;\">\u021b<\/span>ie care a adus bine \u00een via<span lang=\"X-NONE\" style=\"font-family: Tahoma;\">\u021b<\/span>a tuturor celor implica<span lang=\"X-NONE\" style=\"font-family: Tahoma;\">\u021b<\/span>i \u2013 copilul, p\u0103rin<span lang=\"X-NONE\" style=\"font-family: Tahoma;\">\u021b<\/span>i naturali, p\u0103rin<span lang=\"X-NONE\" style=\"font-family: Tahoma;\">\u021b<\/span>ii adoptivi?<\/strong><\/p>\n<p class=\"MsoNormal\" style=\"text-align: justify;\"><span lang=\"X-NONE\" style=\"mso-fareast-font-family: 'Times New Roman'; mso-ansi-language: X-NONE;\">GN: Da, cunosc familii din biserica noastr\u0103 care au adoptat copii <\/span><span lang=\"X-NONE\" style=\"font-family: Tahoma; mso-fareast-font-family: 'Times New Roman'; mso-ansi-language: X-NONE;\">\u0219<\/span><span lang=\"X-NONE\" style=\"mso-fareast-font-family: 'Times New Roman'; mso-ansi-language: X-NONE;\">i sunt o binecuv\u00e2ntare at\u00e2t pentru societate <\/span><span lang=\"X-NONE\" style=\"font-family: Tahoma; mso-fareast-font-family: 'Times New Roman'; mso-ansi-language: X-NONE;\">\u0219<\/span><span lang=\"X-NONE\" style=\"mso-fareast-font-family: 'Times New Roman'; mso-ansi-language: X-NONE;\">i pentru biseric\u0103.<br \/>\n<\/span><\/p>\n<p class=\"MsoNormal\" style=\"text-align: justify;\"><strong>Rep: \u00cen statele occidentale, mai ales \u00een SUA, adop<span lang=\"X-NONE\" style=\"font-family: Tahoma;\">\u021b<\/span>ia este un mod de via<span lang=\"X-NONE\" style=\"font-family: Tahoma;\">\u021b<\/span>\u0103. Actori <span lang=\"X-NONE\" style=\"font-family: Tahoma;\">\u0219<\/span>i c\u00e2nt\u0103re<span lang=\"X-NONE\" style=\"font-family: Tahoma;\">\u021b<\/span>i celebri adopt\u0103 copii, familii obi<span lang=\"X-NONE\" style=\"font-family: Tahoma;\">\u0219<\/span>nuite adopt\u0103 un num\u0103r foarte mare de copii \u2013 uneori chiar mai mare de cinci \u2013, familii care au un copil cu dizabilitate, de exemplu cu Sindrom Down, adopt\u0103 al<span lang=\"X-NONE\" style=\"font-family: Tahoma;\">\u021b<\/span>i copii cu aceea<span lang=\"X-NONE\" style=\"font-family: Tahoma;\">\u0219<\/span>i dizabilitate. Cum crede<span lang=\"X-NONE\" style=\"font-family: Tahoma;\">\u021b<\/span>i c\u0103 s-ar putea dob\u00e2ndi <span lang=\"X-NONE\" style=\"font-family: Tahoma;\">\u0219<\/span>i \u00een societatea rom\u00e2neasc\u0103 aceast\u0103 deprindere nobil\u0103, de a adopta nu doar atunci c\u00e2nd o familie nu are copii, ci de a adopta cu g\u00e2ndul la binele unui copil aflat \u00eentr-o situa<span lang=\"X-NONE\" style=\"font-family: Tahoma;\">\u021b<\/span>ie critic\u0103?<\/strong><\/p>\n<p class=\"MsoNormal\" style=\"text-align: justify;\"><span lang=\"X-NONE\" style=\"mso-fareast-font-family: 'Times New Roman'; mso-ansi-language: X-NONE;\">GN: Printr-o implicare mai mare a bisericilor din Rom\u00e2nia <\/span><span lang=\"X-NONE\" style=\"font-family: Tahoma; mso-fareast-font-family: 'Times New Roman'; mso-ansi-language: X-NONE;\">\u0219<\/span><span lang=\"X-NONE\" style=\"mso-fareast-font-family: 'Times New Roman'; mso-ansi-language: X-NONE;\">i a statului Rom\u00e2n. Oamenii trebuie \u00eencuraja<\/span><span lang=\"X-NONE\" style=\"font-family: Tahoma; mso-fareast-font-family: 'Times New Roman'; mso-ansi-language: X-NONE;\">\u021b<\/span><span lang=\"X-NONE\" style=\"mso-fareast-font-family: 'Times New Roman'; mso-ansi-language: X-NONE;\">i \u00een direc<\/span><span lang=\"X-NONE\" style=\"font-family: Tahoma; mso-fareast-font-family: 'Times New Roman'; mso-ansi-language: X-NONE;\">\u021b<\/span><span lang=\"X-NONE\" style=\"mso-fareast-font-family: 'Times New Roman'; mso-ansi-language: X-NONE;\">ia aceasta. De asemenea, sunt unele caren<\/span><span lang=\"X-NONE\" style=\"font-family: Tahoma; mso-fareast-font-family: 'Times New Roman'; mso-ansi-language: X-NONE;\">\u021b<\/span><span lang=\"X-NONE\" style=\"mso-fareast-font-family: 'Times New Roman'; mso-ansi-language: X-NONE;\">e \u00een legea adop<\/span><span lang=\"X-NONE\" style=\"font-family: Tahoma; mso-fareast-font-family: 'Times New Roman'; mso-ansi-language: X-NONE;\">\u021b<\/span><span lang=\"X-NONE\" style=\"mso-fareast-font-family: 'Times New Roman'; mso-ansi-language: X-NONE;\">iei din Rom\u00e2nia pe care statul le-ar putea schimba ca s\u0103 faciliteze adop<\/span><span lang=\"X-NONE\" style=\"font-family: Tahoma; mso-fareast-font-family: 'Times New Roman'; mso-ansi-language: X-NONE;\">\u021b<\/span><span lang=\"X-NONE\" style=\"mso-fareast-font-family: 'Times New Roman'; mso-ansi-language: X-NONE;\">ia.<br \/>\n<\/span><\/p>\n<p class=\"MsoNormal\" style=\"text-align: justify;\"><strong>Rep: Ce reprezint\u0103 pentru dumneavoastr\u0103 b\u0103rbatul, ce reprezint\u0103 femeia, ce reprezint\u0103 copiii?<\/strong><\/p>\n<p class=\"MsoNormal\" style=\"text-align: justify;\"><span lang=\"X-NONE\" style=\"mso-fareast-font-family: 'Times New Roman'; mso-ansi-language: X-NONE;\">GN: Crea<\/span><span lang=\"X-NONE\" style=\"font-family: Tahoma; mso-fareast-font-family: 'Times New Roman'; mso-ansi-language: X-NONE;\">\u021b<\/span><span lang=\"X-NONE\" style=\"mso-fareast-font-family: 'Times New Roman'; mso-ansi-language: X-NONE;\">ia lui Dumnezeu. B\u0103rbatul este capul familiei, femeia este inima familiei, iar copiii sunt viitorul familiei <\/span><span lang=\"X-NONE\" style=\"font-family: Tahoma; mso-fareast-font-family: 'Times New Roman'; mso-ansi-language: X-NONE;\">\u0219<\/span><span lang=\"X-NONE\" style=\"mso-fareast-font-family: 'Times New Roman'; mso-ansi-language: X-NONE;\">i societ\u0103<\/span><span lang=\"X-NONE\" style=\"font-family: Tahoma; mso-fareast-font-family: 'Times New Roman'; mso-ansi-language: X-NONE;\">\u021b<\/span><span lang=\"X-NONE\" style=\"mso-fareast-font-family: 'Times New Roman'; mso-ansi-language: X-NONE;\">ii.<br \/>\n<\/span><\/p>\n<p class=\"MsoNormal\" style=\"text-align: justify;\"><strong>Rep: Ce le-a\u0163i cere politicienilor s\u0103 fac\u0103 pentru a proteja \u015fi a promova via<span lang=\"X-NONE\" style=\"font-family: Tahoma;\">\u021b<\/span>a? \u00cen condi\u0163iile \u00een care avortul nu ar putea fi total interzis, ce alte instrumente crede\u0163i c\u0103 avem la \u00eendem\u00e2n\u0103 pentru a ap\u0103ra copiii nen\u0103scu\u0163i?<\/strong><\/p>\n<p class=\"MsoNormal\" style=\"text-align: justify;\"><span lang=\"X-NONE\" style=\"mso-fareast-font-family: 'Times New Roman'; mso-ansi-language: X-NONE;\">GN: Eu cred c\u0103 ar fi benefic c\u0103 \u00een incinta spitalului, cabinetului medical, unde femeile merg pentru avort, s\u0103 li se permit\u0103 unor consilieri Provita s\u0103 fie acolo <\/span><span lang=\"X-NONE\" style=\"font-family: Tahoma; mso-fareast-font-family: 'Times New Roman'; mso-ansi-language: X-NONE;\">\u0219<\/span><span lang=\"X-NONE\" style=\"mso-fareast-font-family: 'Times New Roman'; mso-ansi-language: X-NONE;\">i s\u0103 discute cu femeile \u00een cauz\u0103, inform\u00e2ndu-le despre consecin<\/span><span lang=\"X-NONE\" style=\"font-family: Tahoma; mso-fareast-font-family: 'Times New Roman'; mso-ansi-language: X-NONE;\">\u021b<\/span><span lang=\"X-NONE\" style=\"mso-fareast-font-family: 'Times New Roman'; mso-ansi-language: X-NONE;\">ele avortului <\/span><span lang=\"X-NONE\" style=\"font-family: Tahoma; mso-fareast-font-family: 'Times New Roman'; mso-ansi-language: X-NONE;\">\u0219<\/span><span lang=\"X-NONE\" style=\"mso-fareast-font-family: 'Times New Roman'; mso-ansi-language: X-NONE;\">i despre faptul c\u0103 acest copil este via<\/span><span lang=\"X-NONE\" style=\"font-family: Tahoma; mso-fareast-font-family: 'Times New Roman'; mso-ansi-language: X-NONE;\">\u021b<\/span><span lang=\"X-NONE\" style=\"mso-fareast-font-family: 'Times New Roman'; mso-ansi-language: X-NONE;\">\u0103 \u00een ele <\/span><span lang=\"X-NONE\" style=\"font-family: Tahoma; mso-fareast-font-family: 'Times New Roman'; mso-ansi-language: X-NONE;\">\u0219<\/span><span lang=\"X-NONE\" style=\"mso-fareast-font-family: 'Times New Roman'; mso-ansi-language: X-NONE;\">i c\u0103 nu doar un \u201cfetus\u201d, cum se spune.<br \/>\n<\/span><\/p>\n<p class=\"MsoNormal\" style=\"text-align: justify;\"><strong>Rep: Care este programul manifest\u0103rilor prilejuite de Mar\u015ful pentru Via\u0163\u0103 \u00een ora\u015ful dumneavoastr\u0103?<\/strong><\/p>\n<p class=\"MsoNormal\" style=\"text-align: justify;\"><span lang=\"X-NONE\" style=\"mso-fareast-font-family: 'Times New Roman'; mso-ansi-language: X-NONE;\">GN: La Ocna Mure\u015f Mar\u015ful are loc pe 23 martie 2014, \u00eentre orele 11:30-14:00.<br \/>\n<\/span><\/p>\n<p class=\"MsoNormal\" style=\"text-align: justify;\"><strong>Rep: Ave\u0163i un mesaj de ad\u0103ugat?<\/strong><\/p>\n<p class=\"MsoNormal\" style=\"text-align: justify;\"><span lang=\"X-NONE\" style=\"mso-fareast-font-family: 'Times New Roman'; mso-ansi-language: X-NONE;\">GN: Promovarea acestor principii este important\u0103 <\/span><span lang=\"X-NONE\" style=\"font-family: Tahoma; mso-fareast-font-family: 'Times New Roman'; mso-ansi-language: X-NONE;\">\u0219<\/span><span lang=\"X-NONE\" style=\"mso-fareast-font-family: 'Times New Roman'; mso-ansi-language: X-NONE;\">i necesit\u0103 o mediatizare mult mai ampl\u0103 ca oamenii s\u0103 beneficieze de informa<\/span><span lang=\"X-NONE\" style=\"font-family: Tahoma; mso-fareast-font-family: 'Times New Roman'; mso-ansi-language: X-NONE;\">\u021b<\/span><span lang=\"X-NONE\" style=\"mso-fareast-font-family: 'Times New Roman'; mso-ansi-language: X-NONE;\">iile corecte, dup\u0103 principiile Bibliei.<\/span><\/p>","protected":false},"excerpt":{"rendered":"<p>Gatea Nicolae, de 49 ani, absolvent al \u0219colii biblice \u201cChrist For The Nations\u201d din Dallas, SUA, este pastor al biserici Bunul Samaritean din Ocna Mure\u0219\u0219i Pre\u0219edinte al Asocia\u021biei Bunul Samaritean Ocna Mure\u0219. El s-a implicat \u00een organizarea Mar\u015fului pentru via\u0163\u0103 2014 \u201epentru a ajuta oamenii, femeile, s\u0103 con\u015ftientizeze c\u0103 avortul este omor, crim\u0103 \u0219i nu [&hellip;]<\/p>\n","protected":false},"author":2,"featured_media":0,"comment_status":"open","ping_status":"open","sticky":false,"template":"","format":"standard","meta":{"jetpack_post_was_ever_published":false,"_jetpack_newsletter_access":"","_jetpack_dont_email_post_to_subs":false,"_jetpack_newsletter_tier_id":0,"_jetpack_memberships_contains_paywalled_content":false,"_jetpack_memberships_contains_paid_content":false,"footnotes":""},"categories":[6],"tags":[18,35,79,102,147,170,178],"class_list":["post-580","post","type-post","status-publish","format-standard","hentry","category-editia-2014","tag-adoptie","tag-avort","tag-copii-nenascuti","tag-familie","tag-marsul-pentru-viata-2014","tag-ocna-mures","tag-parinti"],"yoast_head":"<!-- This site is optimized with the Yoast SEO plugin v27.5 - https:\/\/yoast.com\/product\/yoast-seo-wordpress\/ -->\n<title>\u201eCunosc familii care au adoptat copii \u0219i sunt o binecuv\u00e2ntare\u201d \u2013 Gatea Nicolae, Mar\u0219ul pentru via\u021b\u0103 2014 la Ocna Mure\u015f - Mar\u0219ul pentru via\u021b\u0103<\/title>\n<meta name=\"robots\" content=\"index, follow, max-snippet:-1, max-image-preview:large, max-video-preview:-1\" \/>\n<link rel=\"canonical\" href=\"http:\/\/www.marsulpentruviata.md\/en\/cunosc-familii-care-au-adoptat-copii-si-sunt-o-binecuvantare-gatea-nicolae-marsul-pentru-viata-2014-la-ocna-mures\/\" \/>\n<meta property=\"og:locale\" content=\"en_US\" \/>\n<meta property=\"og:type\" content=\"article\" \/>\n<meta property=\"og:title\" content=\"\u201eCunosc familii care au adoptat copii \u0219i sunt o binecuv\u00e2ntare\u201d \u2013 Gatea Nicolae, Mar\u0219ul pentru via\u021b\u0103 2014 la Ocna Mure\u015f - Mar\u0219ul pentru via\u021b\u0103\" \/>\n<meta property=\"og:description\" content=\"Gatea Nicolae, de 49 ani, absolvent al \u0219colii biblice \u201cChrist For The Nations\u201d din Dallas, SUA, este pastor al biserici Bunul Samaritean din Ocna Mure\u0219\u0219i Pre\u0219edinte al Asocia\u021biei Bunul Samaritean Ocna Mure\u0219. El s-a implicat \u00een organizarea Mar\u015fului pentru via\u0163\u0103 2014 \u201epentru a ajuta oamenii, femeile, s\u0103 con\u015ftientizeze c\u0103 avortul este omor, crim\u0103 \u0219i nu [&hellip;]\" \/>\n<meta property=\"og:url\" content=\"http:\/\/www.marsulpentruviata.md\/en\/cunosc-familii-care-au-adoptat-copii-si-sunt-o-binecuvantare-gatea-nicolae-marsul-pentru-viata-2014-la-ocna-mures\/\" \/>\n<meta property=\"og:site_name\" content=\"Mar\u0219ul pentru via\u021b\u0103\" \/>\n<meta property=\"article:published_time\" content=\"2014-03-17T12:57:48+00:00\" \/>\n<meta property=\"article:modified_time\" content=\"2016-03-19T20:42:35+00:00\" \/>\n<meta property=\"og:image\" content=\"http:\/\/marsulpentruviata.md\/wp-content\/uploads\/2014\/03\/pancarte-MPV-2014-INTERNET-111-1.jpg\" \/>\n<meta name=\"author\" content=\"mpv2016\" \/>\n<meta name=\"twitter:card\" content=\"summary_large_image\" \/>\n<meta name=\"twitter:label1\" content=\"Written by\" \/>\n\t<meta name=\"twitter:data1\" content=\"mpv2016\" \/>\n\t<meta name=\"twitter:label2\" content=\"Est. reading time\" \/>\n\t<meta name=\"twitter:data2\" content=\"4 minutes\" \/>\n<script type=\"application\/ld+json\" class=\"yoast-schema-graph\">{\"@context\":\"https:\\\/\\\/schema.org\",\"@graph\":[{\"@type\":\"Article\",\"@id\":\"http:\\\/\\\/www.marsulpentruviata.md\\\/en\\\/cunosc-familii-care-au-adoptat-copii-si-sunt-o-binecuvantare-gatea-nicolae-marsul-pentru-viata-2014-la-ocna-mures\\\/#article\",\"isPartOf\":{\"@id\":\"http:\\\/\\\/www.marsulpentruviata.md\\\/en\\\/cunosc-familii-care-au-adoptat-copii-si-sunt-o-binecuvantare-gatea-nicolae-marsul-pentru-viata-2014-la-ocna-mures\\\/\"},\"author\":{\"name\":\"mpv2016\",\"@id\":\"http:\\\/\\\/www.marsulpentruviata.md\\\/#\\\/schema\\\/person\\\/6b5d53acdff44eda0df653103ffb92a3\"},\"headline\":\"\u201eCunosc familii care au adoptat copii \u0219i sunt o binecuv\u00e2ntare\u201d \u2013 Gatea Nicolae, Mar\u0219ul pentru via\u021b\u0103 2014 la Ocna Mure\u015f\",\"datePublished\":\"2014-03-17T12:57:48+00:00\",\"dateModified\":\"2016-03-19T20:42:35+00:00\",\"mainEntityOfPage\":{\"@id\":\"http:\\\/\\\/www.marsulpentruviata.md\\\/en\\\/cunosc-familii-care-au-adoptat-copii-si-sunt-o-binecuvantare-gatea-nicolae-marsul-pentru-viata-2014-la-ocna-mures\\\/\"},\"wordCount\":726,\"commentCount\":1,\"image\":{\"@id\":\"http:\\\/\\\/www.marsulpentruviata.md\\\/en\\\/cunosc-familii-care-au-adoptat-copii-si-sunt-o-binecuvantare-gatea-nicolae-marsul-pentru-viata-2014-la-ocna-mures\\\/#primaryimage\"},\"thumbnailUrl\":\"http:\\\/\\\/marsulpentruviata.md\\\/wp-content\\\/uploads\\\/2014\\\/03\\\/pancarte-MPV-2014-INTERNET-111-1.jpg\",\"keywords\":[\"adop\u021bie\",\"avort\",\"copii nen\u0103scu\u0163i\",\"familie\",\"Mar\u0219ul pentru via\u021b\u0103 2014\",\"Ocna Mure\u015f\",\"p\u0103rin\u0163i\"],\"articleSection\":[\"Edi\u021bia 2014\"],\"inLanguage\":\"en-US\",\"potentialAction\":[{\"@type\":\"CommentAction\",\"name\":\"Comment\",\"target\":[\"http:\\\/\\\/www.marsulpentruviata.md\\\/en\\\/cunosc-familii-care-au-adoptat-copii-si-sunt-o-binecuvantare-gatea-nicolae-marsul-pentru-viata-2014-la-ocna-mures\\\/#respond\"]}]},{\"@type\":\"WebPage\",\"@id\":\"http:\\\/\\\/www.marsulpentruviata.md\\\/en\\\/cunosc-familii-care-au-adoptat-copii-si-sunt-o-binecuvantare-gatea-nicolae-marsul-pentru-viata-2014-la-ocna-mures\\\/\",\"url\":\"http:\\\/\\\/www.marsulpentruviata.md\\\/en\\\/cunosc-familii-care-au-adoptat-copii-si-sunt-o-binecuvantare-gatea-nicolae-marsul-pentru-viata-2014-la-ocna-mures\\\/\",\"name\":\"\u201eCunosc familii care au adoptat copii \u0219i sunt o binecuv\u00e2ntare\u201d \u2013 Gatea Nicolae, Mar\u0219ul pentru via\u021b\u0103 2014 la Ocna Mure\u015f - Mar\u0219ul pentru via\u021b\u0103\",\"isPartOf\":{\"@id\":\"http:\\\/\\\/www.marsulpentruviata.md\\\/#website\"},\"primaryImageOfPage\":{\"@id\":\"http:\\\/\\\/www.marsulpentruviata.md\\\/en\\\/cunosc-familii-care-au-adoptat-copii-si-sunt-o-binecuvantare-gatea-nicolae-marsul-pentru-viata-2014-la-ocna-mures\\\/#primaryimage\"},\"image\":{\"@id\":\"http:\\\/\\\/www.marsulpentruviata.md\\\/en\\\/cunosc-familii-care-au-adoptat-copii-si-sunt-o-binecuvantare-gatea-nicolae-marsul-pentru-viata-2014-la-ocna-mures\\\/#primaryimage\"},\"thumbnailUrl\":\"http:\\\/\\\/marsulpentruviata.md\\\/wp-content\\\/uploads\\\/2014\\\/03\\\/pancarte-MPV-2014-INTERNET-111-1.jpg\",\"datePublished\":\"2014-03-17T12:57:48+00:00\",\"dateModified\":\"2016-03-19T20:42:35+00:00\",\"author\":{\"@id\":\"http:\\\/\\\/www.marsulpentruviata.md\\\/#\\\/schema\\\/person\\\/6b5d53acdff44eda0df653103ffb92a3\"},\"breadcrumb\":{\"@id\":\"http:\\\/\\\/www.marsulpentruviata.md\\\/en\\\/cunosc-familii-care-au-adoptat-copii-si-sunt-o-binecuvantare-gatea-nicolae-marsul-pentru-viata-2014-la-ocna-mures\\\/#breadcrumb\"},\"inLanguage\":\"en-US\",\"potentialAction\":[{\"@type\":\"ReadAction\",\"target\":[\"http:\\\/\\\/www.marsulpentruviata.md\\\/en\\\/cunosc-familii-care-au-adoptat-copii-si-sunt-o-binecuvantare-gatea-nicolae-marsul-pentru-viata-2014-la-ocna-mures\\\/\"]}]},{\"@type\":\"ImageObject\",\"inLanguage\":\"en-US\",\"@id\":\"http:\\\/\\\/www.marsulpentruviata.md\\\/en\\\/cunosc-familii-care-au-adoptat-copii-si-sunt-o-binecuvantare-gatea-nicolae-marsul-pentru-viata-2014-la-ocna-mures\\\/#primaryimage\",\"url\":\"http:\\\/\\\/marsulpentruviata.md\\\/wp-content\\\/uploads\\\/2014\\\/03\\\/pancarte-MPV-2014-INTERNET-111-1.jpg\",\"contentUrl\":\"http:\\\/\\\/marsulpentruviata.md\\\/wp-content\\\/uploads\\\/2014\\\/03\\\/pancarte-MPV-2014-INTERNET-111-1.jpg\"},{\"@type\":\"BreadcrumbList\",\"@id\":\"http:\\\/\\\/www.marsulpentruviata.md\\\/en\\\/cunosc-familii-care-au-adoptat-copii-si-sunt-o-binecuvantare-gatea-nicolae-marsul-pentru-viata-2014-la-ocna-mures\\\/#breadcrumb\",\"itemListElement\":[{\"@type\":\"ListItem\",\"position\":1,\"name\":\"Home\",\"item\":\"http:\\\/\\\/www.marsulpentruviata.md\\\/\"},{\"@type\":\"ListItem\",\"position\":2,\"name\":\"\u201eCunosc familii care au adoptat copii \u0219i sunt o binecuv\u00e2ntare\u201d \u2013 Gatea Nicolae, Mar\u0219ul pentru via\u021b\u0103 2014 la Ocna Mure\u015f\"}]},{\"@type\":\"WebSite\",\"@id\":\"http:\\\/\\\/www.marsulpentruviata.md\\\/#website\",\"url\":\"http:\\\/\\\/www.marsulpentruviata.md\\\/\",\"name\":\"Mar\u0219ul pentru via\u021b\u0103\",\"description\":\"O lume pentru via\u021b\u0103\",\"potentialAction\":[{\"@type\":\"SearchAction\",\"target\":{\"@type\":\"EntryPoint\",\"urlTemplate\":\"http:\\\/\\\/www.marsulpentruviata.md\\\/?s={search_term_string}\"},\"query-input\":{\"@type\":\"PropertyValueSpecification\",\"valueRequired\":true,\"valueName\":\"search_term_string\"}}],\"inLanguage\":\"en-US\"},{\"@type\":\"Person\",\"@id\":\"http:\\\/\\\/www.marsulpentruviata.md\\\/#\\\/schema\\\/person\\\/6b5d53acdff44eda0df653103ffb92a3\",\"name\":\"mpv2016\",\"image\":{\"@type\":\"ImageObject\",\"inLanguage\":\"en-US\",\"@id\":\"https:\\\/\\\/secure.gravatar.com\\\/avatar\\\/05f26a2ac98bca797e21ea554e44f19c84dabe9ea4f44ba6de8d4c4ac1891d54?s=96&d=mm&r=g\",\"url\":\"https:\\\/\\\/secure.gravatar.com\\\/avatar\\\/05f26a2ac98bca797e21ea554e44f19c84dabe9ea4f44ba6de8d4c4ac1891d54?s=96&d=mm&r=g\",\"contentUrl\":\"https:\\\/\\\/secure.gravatar.com\\\/avatar\\\/05f26a2ac98bca797e21ea554e44f19c84dabe9ea4f44ba6de8d4c4ac1891d54?s=96&d=mm&r=g\",\"caption\":\"mpv2016\"},\"url\":\"http:\\\/\\\/www.marsulpentruviata.md\\\/en\\\/author\\\/mpv2016\\\/\"}]}<\/script>\n<!-- \/ Yoast SEO plugin. -->","yoast_head_json":{"title":"\u201eCunosc familii care au adoptat copii \u0219i sunt o binecuv\u00e2ntare\u201d \u2013 Gatea Nicolae, Mar\u0219ul pentru via\u021b\u0103 2014 la Ocna Mure\u015f - Mar\u0219ul pentru via\u021b\u0103","robots":{"index":"index","follow":"follow","max-snippet":"max-snippet:-1","max-image-preview":"max-image-preview:large","max-video-preview":"max-video-preview:-1"},"canonical":"http:\/\/www.marsulpentruviata.md\/en\/cunosc-familii-care-au-adoptat-copii-si-sunt-o-binecuvantare-gatea-nicolae-marsul-pentru-viata-2014-la-ocna-mures\/","og_locale":"en_US","og_type":"article","og_title":"\u201eCunosc familii care au adoptat copii \u0219i sunt o binecuv\u00e2ntare\u201d \u2013 Gatea Nicolae, Mar\u0219ul pentru via\u021b\u0103 2014 la Ocna Mure\u015f - Mar\u0219ul pentru via\u021b\u0103","og_description":"Gatea Nicolae, de 49 ani, absolvent al \u0219colii biblice \u201cChrist For The Nations\u201d din Dallas, SUA, este pastor al biserici Bunul Samaritean din Ocna Mure\u0219\u0219i Pre\u0219edinte al Asocia\u021biei Bunul Samaritean Ocna Mure\u0219. El s-a implicat \u00een organizarea Mar\u015fului pentru via\u0163\u0103 2014 \u201epentru a ajuta oamenii, femeile, s\u0103 con\u015ftientizeze c\u0103 avortul este omor, crim\u0103 \u0219i nu [&hellip;]","og_url":"http:\/\/www.marsulpentruviata.md\/en\/cunosc-familii-care-au-adoptat-copii-si-sunt-o-binecuvantare-gatea-nicolae-marsul-pentru-viata-2014-la-ocna-mures\/","og_site_name":"Mar\u0219ul pentru via\u021b\u0103","article_published_time":"2014-03-17T12:57:48+00:00","article_modified_time":"2016-03-19T20:42:35+00:00","og_image":[{"url":"http:\/\/marsulpentruviata.md\/wp-content\/uploads\/2014\/03\/pancarte-MPV-2014-INTERNET-111-1.jpg","type":"","width":"","height":""}],"author":"mpv2016","twitter_card":"summary_large_image","twitter_misc":{"Written by":"mpv2016","Est. reading time":"4 minutes"},"schema":{"@context":"https:\/\/schema.org","@graph":[{"@type":"Article","@id":"http:\/\/www.marsulpentruviata.md\/en\/cunosc-familii-care-au-adoptat-copii-si-sunt-o-binecuvantare-gatea-nicolae-marsul-pentru-viata-2014-la-ocna-mures\/#article","isPartOf":{"@id":"http:\/\/www.marsulpentruviata.md\/en\/cunosc-familii-care-au-adoptat-copii-si-sunt-o-binecuvantare-gatea-nicolae-marsul-pentru-viata-2014-la-ocna-mures\/"},"author":{"name":"mpv2016","@id":"http:\/\/www.marsulpentruviata.md\/#\/schema\/person\/6b5d53acdff44eda0df653103ffb92a3"},"headline":"\u201eCunosc familii care au adoptat copii \u0219i sunt o binecuv\u00e2ntare\u201d \u2013 Gatea Nicolae, Mar\u0219ul pentru via\u021b\u0103 2014 la Ocna Mure\u015f","datePublished":"2014-03-17T12:57:48+00:00","dateModified":"2016-03-19T20:42:35+00:00","mainEntityOfPage":{"@id":"http:\/\/www.marsulpentruviata.md\/en\/cunosc-familii-care-au-adoptat-copii-si-sunt-o-binecuvantare-gatea-nicolae-marsul-pentru-viata-2014-la-ocna-mures\/"},"wordCount":726,"commentCount":1,"image":{"@id":"http:\/\/www.marsulpentruviata.md\/en\/cunosc-familii-care-au-adoptat-copii-si-sunt-o-binecuvantare-gatea-nicolae-marsul-pentru-viata-2014-la-ocna-mures\/#primaryimage"},"thumbnailUrl":"http:\/\/marsulpentruviata.md\/wp-content\/uploads\/2014\/03\/pancarte-MPV-2014-INTERNET-111-1.jpg","keywords":["adop\u021bie","avort","copii nen\u0103scu\u0163i","familie","Mar\u0219ul pentru via\u021b\u0103 2014","Ocna Mure\u015f","p\u0103rin\u0163i"],"articleSection":["Edi\u021bia 2014"],"inLanguage":"en-US","potentialAction":[{"@type":"CommentAction","name":"Comment","target":["http:\/\/www.marsulpentruviata.md\/en\/cunosc-familii-care-au-adoptat-copii-si-sunt-o-binecuvantare-gatea-nicolae-marsul-pentru-viata-2014-la-ocna-mures\/#respond"]}]},{"@type":"WebPage","@id":"http:\/\/www.marsulpentruviata.md\/en\/cunosc-familii-care-au-adoptat-copii-si-sunt-o-binecuvantare-gatea-nicolae-marsul-pentru-viata-2014-la-ocna-mures\/","url":"http:\/\/www.marsulpentruviata.md\/en\/cunosc-familii-care-au-adoptat-copii-si-sunt-o-binecuvantare-gatea-nicolae-marsul-pentru-viata-2014-la-ocna-mures\/","name":"\u201eCunosc familii care au adoptat copii \u0219i sunt o binecuv\u00e2ntare\u201d \u2013 Gatea Nicolae, Mar\u0219ul pentru via\u021b\u0103 2014 la Ocna Mure\u015f - Mar\u0219ul pentru via\u021b\u0103","isPartOf":{"@id":"http:\/\/www.marsulpentruviata.md\/#website"},"primaryImageOfPage":{"@id":"http:\/\/www.marsulpentruviata.md\/en\/cunosc-familii-care-au-adoptat-copii-si-sunt-o-binecuvantare-gatea-nicolae-marsul-pentru-viata-2014-la-ocna-mures\/#primaryimage"},"image":{"@id":"http:\/\/www.marsulpentruviata.md\/en\/cunosc-familii-care-au-adoptat-copii-si-sunt-o-binecuvantare-gatea-nicolae-marsul-pentru-viata-2014-la-ocna-mures\/#primaryimage"},"thumbnailUrl":"http:\/\/marsulpentruviata.md\/wp-content\/uploads\/2014\/03\/pancarte-MPV-2014-INTERNET-111-1.jpg","datePublished":"2014-03-17T12:57:48+00:00","dateModified":"2016-03-19T20:42:35+00:00","author":{"@id":"http:\/\/www.marsulpentruviata.md\/#\/schema\/person\/6b5d53acdff44eda0df653103ffb92a3"},"breadcrumb":{"@id":"http:\/\/www.marsulpentruviata.md\/en\/cunosc-familii-care-au-adoptat-copii-si-sunt-o-binecuvantare-gatea-nicolae-marsul-pentru-viata-2014-la-ocna-mures\/#breadcrumb"},"inLanguage":"en-US","potentialAction":[{"@type":"ReadAction","target":["http:\/\/www.marsulpentruviata.md\/en\/cunosc-familii-care-au-adoptat-copii-si-sunt-o-binecuvantare-gatea-nicolae-marsul-pentru-viata-2014-la-ocna-mures\/"]}]},{"@type":"ImageObject","inLanguage":"en-US","@id":"http:\/\/www.marsulpentruviata.md\/en\/cunosc-familii-care-au-adoptat-copii-si-sunt-o-binecuvantare-gatea-nicolae-marsul-pentru-viata-2014-la-ocna-mures\/#primaryimage","url":"http:\/\/marsulpentruviata.md\/wp-content\/uploads\/2014\/03\/pancarte-MPV-2014-INTERNET-111-1.jpg","contentUrl":"http:\/\/marsulpentruviata.md\/wp-content\/uploads\/2014\/03\/pancarte-MPV-2014-INTERNET-111-1.jpg"},{"@type":"BreadcrumbList","@id":"http:\/\/www.marsulpentruviata.md\/en\/cunosc-familii-care-au-adoptat-copii-si-sunt-o-binecuvantare-gatea-nicolae-marsul-pentru-viata-2014-la-ocna-mures\/#breadcrumb","itemListElement":[{"@type":"ListItem","position":1,"name":"Home","item":"http:\/\/www.marsulpentruviata.md\/"},{"@type":"ListItem","position":2,"name":"\u201eCunosc familii care au adoptat copii \u0219i sunt o binecuv\u00e2ntare\u201d \u2013 Gatea Nicolae, Mar\u0219ul pentru via\u021b\u0103 2014 la Ocna Mure\u015f"}]},{"@type":"WebSite","@id":"http:\/\/www.marsulpentruviata.md\/#website","url":"http:\/\/www.marsulpentruviata.md\/","name":"March for Life","description":"O lume pentru via\u021b\u0103","potentialAction":[{"@type":"SearchAction","target":{"@type":"EntryPoint","urlTemplate":"http:\/\/www.marsulpentruviata.md\/?s={search_term_string}"},"query-input":{"@type":"PropertyValueSpecification","valueRequired":true,"valueName":"search_term_string"}}],"inLanguage":"en-US"},{"@type":"Person","@id":"http:\/\/www.marsulpentruviata.md\/#\/schema\/person\/6b5d53acdff44eda0df653103ffb92a3","name":"mpv2016","image":{"@type":"ImageObject","inLanguage":"en-US","@id":"https:\/\/secure.gravatar.com\/avatar\/05f26a2ac98bca797e21ea554e44f19c84dabe9ea4f44ba6de8d4c4ac1891d54?s=96&d=mm&r=g","url":"https:\/\/secure.gravatar.com\/avatar\/05f26a2ac98bca797e21ea554e44f19c84dabe9ea4f44ba6de8d4c4ac1891d54?s=96&d=mm&r=g","contentUrl":"https:\/\/secure.gravatar.com\/avatar\/05f26a2ac98bca797e21ea554e44f19c84dabe9ea4f44ba6de8d4c4ac1891d54?s=96&d=mm&r=g","caption":"mpv2016"},"url":"http:\/\/www.marsulpentruviata.md\/en\/author\/mpv2016\/"}]}},"jetpack_featured_media_url":"","jetpack_sharing_enabled":true,"jetpack_shortlink":"https:\/\/wp.me\/p7mnA9-9m","_links":{"self":[{"href":"http:\/\/www.marsulpentruviata.md\/en\/wp-json\/wp\/v2\/posts\/580","targetHints":{"allow":["GET"]}}],"collection":[{"href":"http:\/\/www.marsulpentruviata.md\/en\/wp-json\/wp\/v2\/posts"}],"about":[{"href":"http:\/\/www.marsulpentruviata.md\/en\/wp-json\/wp\/v2\/types\/post"}],"author":[{"embeddable":true,"href":"http:\/\/www.marsulpentruviata.md\/en\/wp-json\/wp\/v2\/users\/2"}],"replies":[{"embeddable":true,"href":"http:\/\/www.marsulpentruviata.md\/en\/wp-json\/wp\/v2\/comments?post=580"}],"version-history":[{"count":1,"href":"http:\/\/www.marsulpentruviata.md\/en\/wp-json\/wp\/v2\/posts\/580\/revisions"}],"predecessor-version":[{"id":2006,"href":"http:\/\/www.marsulpentruviata.md\/en\/wp-json\/wp\/v2\/posts\/580\/revisions\/2006"}],"wp:attachment":[{"href":"http:\/\/www.marsulpentruviata.md\/en\/wp-json\/wp\/v2\/media?parent=580"}],"wp:term":[{"taxonomy":"category","embeddable":true,"href":"http:\/\/www.marsulpentruviata.md\/en\/wp-json\/wp\/v2\/categories?post=580"},{"taxonomy":"post_tag","embeddable":true,"href":"http:\/\/www.marsulpentruviata.md\/en\/wp-json\/wp\/v2\/tags?post=580"}],"curies":[{"name":"wp","href":"https:\/\/api.w.org\/{rel}","templated":true}]}}