{"id":95,"date":"2014-03-14T14:47:41","date_gmt":"2014-03-14T12:47:41","guid":{"rendered":"http:\/\/www.marsulpentruviata.ro\/?p=95"},"modified":"2016-03-19T21:06:32","modified_gmt":"2016-03-19T21:06:32","slug":"mesaj-catre-politicieni-pretuiti-viata-florin-ionita-marsul-pentru-viata-2014-targoviste","status":"publish","type":"post","link":"http:\/\/www.marsulpentruviata.md\/en\/mesaj-catre-politicieni-pretuiti-viata-florin-ionita-marsul-pentru-viata-2014-targoviste\/","title":{"rendered":"\u201eMesaj c\u0103tre politicieni: Pre\u0163ui\u0163i via\u0163a!\u201c \u2013 Florin Ioni\u0163\u0103, Mar\u015ful pentru via\u0163\u0103 2014, T\u00e2rgovi\u0219te"},"content":{"rendered":"<p class=\"MsoNormal\" style=\"text-align: justify;\"><span lang=\"RO\"><a href=\"http:\/\/marsulpentruviata.md\/wp-content\/uploads\/2014\/03\/logo2.png\"><img loading=\"lazy\" decoding=\"async\" class=\"size-medium wp-image-8015 aligncenter\" src=\"http:\/\/marsulpentruviata.md\/wp-content\/uploads\/2014\/03\/logo2-300x183.png\" alt=\"logo2\" width=\"359\" height=\"219\" \/><\/a><\/span><strong><span lang=\"RO\">Pe 22 <\/span><span lang=\"RO\" style=\"font-family: Tahoma;\">\u0219<\/span><span lang=\"RO\">i 23 martie 2014, \u00een ora<\/span><span lang=\"RO\" style=\"font-family: Tahoma;\">\u0219<\/span><span lang=\"RO\">ele Rom\u00e2niei are loc Mar\u015ful pentru Via\u0163\u0103 2014, manifestare organizat\u0103 de asocia\u0163iile care ap\u0103r\u0103 via\u0163a copiilor nen\u0103scu\u0163i \u015fi valorile familiei. Tema edi\u0163iei din acest an a Mar\u015fului pentru Via\u0163\u0103 este responsabilitatea, cu accent pe adop\u0163ie, pe care participan\u0163ii o propun ca solu\u0163ie responsabil\u0103 \u015fi constructiv\u0103 \u00een caz de sarcin\u0103 nedorit\u0103 sau, pur \u015fi simplu, ca modalitate de a oferi o \u015fans\u0103 mai bun\u0103 unui copil dintr-o familie care nu are posibilitatea s\u0103 \u00eel creasc\u0103. Pentru c\u0103 evenimentul va fi prilej pentru ac\u0163iuni diverse \u015fi ample pe tot parcursul S\u0103pt\u0103m\u00e2nii pentru via<\/span><span lang=\"RO\" style=\"font-family: Tahoma;\">\u021b<\/span><\/strong><span lang=\"RO\"><strong>\u0103, 19-25 martie, i-am \u00eentrebat pe organizatorii din \u0163ar\u0103 ce program au preg\u0103tit cu aceast\u0103 ocazie \u015fi \u2013 nu \u00een ultimul r\u00e2nd \u2013 cine sunt \u015fi ce-i motiveaz\u0103 pe fiecare dintre ei.<\/strong><br \/>\n<\/span><\/p>\n<p class=\"MsoNormal\"><a href=\"http:\/\/marsulpentruviata.md\/wp-content\/uploads\/2014\/03\/targoviste-1.jpg\"><img loading=\"lazy\" decoding=\"async\" class=\"size-medium wp-image-8016 aligncenter\" src=\"http:\/\/marsulpentruviata.md\/wp-content\/uploads\/2014\/03\/targoviste-249x300.jpg\" alt=\"targoviste\" width=\"265\" height=\"320\" \/><\/a><\/p>\n<p class=\"MsoNormal\" style=\"text-align: justify;\"><span lang=\"RO\">Asistentului social Florin Ioni\u0163\u0103, c\u0103s\u0103torit \u015fi tat\u0103 a doi copii, \u00eei place voluntariatul. Ca absolvent al Facult\u0103\u0163ii de Teologie Ortodox\u0103-Asisten\u0163\u0103 Social\u0103, a ales \u00een mod firesc s\u0103 activeze pentru cauzele ap\u0103rate de cre\u015ftinii ortodoc\u015fi. Ca membru al Asocia\u0163iei Provita, particip\u0103 pe parcursul anului la module educative de promovare a Vie\u0163ii prin \u015fcoli \u015fi licee, prezent\u00e2nd riscurile practicilor avortive din puncte de vedere diferite \u2013 medical, religios, moral, etic.<\/span><\/p>\n<p class=\"MsoNormal\" style=\"text-align: justify;\"><span lang=\"RO\">Ca angajat al Spitalului-Sta\u0163iune Pucioasa, din D\u00e2mbovi\u0163a, a observat o cre\u015ftere alarmant\u0103 a num\u0103rului de avorturi, iar asta l-a determinat s\u0103 se implice activ \u00een organizarea Mar\u015fului pentru Via\u0163\u0103 care are loc anual la T\u00e2rgovi\u015fte.<\/span><\/p>\n<p class=\"MsoNormal\" style=\"text-align: justify;\"><span lang=\"RO\">\u00a0<\/span><\/p>\n<p class=\"MsoNormal\" style=\"text-align: justify;\"><strong><span lang=\"RO\">Rep: Cui adresa\u0163i invita\u0163ia de a participa la Mar\u015f \u015fi de ce?<\/span><\/strong><\/p>\n<p class=\"MsoNormal\" style=\"text-align: justify;\"><span lang=\"RO\">FI: Invita\u0163ia e deschis\u0103 oric\u0103rui om care promoveaz\u0103 VIA\u0162A, indiferent de v\u00e2rst\u0103, ras\u0103, sex, ori religie.<\/span><\/p>\n<p class=\"MsoNormal\" style=\"text-align: justify;\"><strong><span lang=\"RO\">Rep: Ce v-a r\u0103mas \u00een minte din anii anteriori?<\/span><\/strong><\/p>\n<p class=\"MsoNormal\" style=\"text-align: justify;\"><span lang=\"RO\">FI: Mi-a r\u0103mas \u00een minte receptivitatea oamenilor, a familiilor tinere in special.<\/span><\/p>\n<p class=\"MsoNormal\" style=\"text-align: justify;\"><strong><span lang=\"RO\">Rep: Crede\u0163i c\u0103 Mar\u015ful are ca efect salvarea vie\u0163ii vreunui copil nen\u0103scut aflat \u00een pericol?<\/span><\/strong><\/p>\n<p class=\"MsoNormal\" style=\"text-align: justify;\"><span lang=\"RO\">FI: Dac\u0103 Mar\u015ful Na\u0163ional pune pe g\u00e2nduri o singur\u0103 mam\u0103, \u00eenseamn\u0103 O VIA\u0162\u0102 SALVAT\u0102, iar asta e cel mai important lucru de pe p\u0103m\u00e2nt. <\/span><\/p>\n<p class=\"MsoNormal\" style=\"text-align: justify;\"><span lang=\"RO\"><strong>Rep: S-a vorbit despre faptul c\u0103 \u00een Rom\u00e2nia nu exist\u0103 o cultur\u0103 a adop\u0163iei. Mamele \u015fi familiile aflate \u00een criz\u0103 de sarcin\u0103 sau \u00een situa\u0163ii dificile dup\u0103 na\u015ftere nu se g\u00e2ndesc s\u0103 \u00eencredin\u0163eze copilul spre adop\u0163ie. Nici statul nu prevede adop\u0163ia \u00een criza de sarcin\u0103, nici societatea nu valorizeaz\u0103 actul adop\u0163iei, p\u0103rin\u0163ii adoptivi \u015fi copiii adopta\u0163i. Ce crede\u0163i c\u0103 se poate face \u00een aceast\u0103 privin\u0163\u0103?<\/strong><\/span><\/p>\n<p class=\"MsoNormal\" style=\"text-align: justify;\"><span lang=\"RO\">FI: Consider c\u0103 exist\u0103 o cultur\u0103 a adop\u0163iei, deoarece lucrez \u00een acest domeniu. Oamenii, \u00een special familiile care nu pot face copii, \u00ee\u015fi doresc cu ardoare s\u0103 adopte un copil, \u00eens\u0103, ca de fiecare dat\u0103, statul pune bariere mari, printr-o birocra\u0163ie ucig\u0103toare \u015fi legi f\u0103cute parc\u0103 \u00eempotriva oamenilor.<\/span><\/p>\n<p class=\"MsoNormal\" style=\"text-align: justify;\"><strong><span lang=\"RO\">Rep: Cunoa\u015fte\u0163i un caz de adop\u0163ie care a adus bine \u00een via\u0163a tuturor celor implica\u0163i \u2013 copilul, p\u0103rin\u0163i naturali, p\u0103rin\u0163ii adoptivi?<\/span><\/strong><\/p>\n<p class=\"MsoNormal\" style=\"text-align: justify;\"><span lang=\"RO\">FI: Categoric, o familie steril\u0103 s-a bucurat de adop\u0163ia unui nou-n\u0103scut p\u0103r\u0103sit de mam\u0103 \u00een Maternitatea Pucioasa, al c\u0103rui Dosar a fost instrumentat de mine, culmin\u00e2nd cu Decizia de la DGASPC T\u00e2rgovi\u015fte.<\/span><\/p>\n<p class=\"MsoNormal\" style=\"text-align: justify;\"><strong><span lang=\"RO\">Rep: \u00cen statele occidentale, mai ales \u00een SUA, adop\u0163ia este un mod de via\u0163\u0103. Actori \u015fi c\u00e2nt\u0103re\u0163i celebri adopt\u0103 copii, familii obi\u015fnuite adopt\u0103 un num\u0103r foarte mare de copii \u2013 uneori chiar mai mare de cinci \u2013, familii care au un copil cu dizabilitate, de exemplu cu Sindrom Down, adopt\u0103 al\u0163i copii cu aceea\u015fi dizabilitate. Cum crede\u0163i c\u0103 s-ar putea dob\u00e2ndi \u015fi \u00een societatea rom\u00e2neasc\u0103 aceast\u0103 deprindere nobil\u0103, de a adopta nu doar atunci c\u00e2nd o familie nu are copii, ci de a adopta cu g\u00e2ndul la binele unui copil aflat \u00eentr-o situa\u0163ie critic\u0103?<\/span><\/strong><\/p>\n<p class=\"MsoNormal\" style=\"text-align: justify;\"><span lang=\"RO\">FI: Fiecare bine pe care \u00eel facem unui copil are cu siguran\u0163\u0103 ecou \u00een Ceruri. Adop\u0163ia unui copil, indiferent de situa\u0163ia lui actual\u0103, reprezint\u0103 cu siguran\u0163\u0103 un bine \u015fi \u2013 de cele mai multe ori \u2013 poate salva c\u0103snicii, familii destr\u0103mate si, de ce nu, vie\u0163i.<\/span><\/p>\n<p class=\"MsoNormal\" style=\"text-align: justify;\"><strong><span lang=\"RO\">Rep: Ce reprezint\u0103 pentru dumneavoastr\u0103 b\u0103rbatul, ce reprezint\u0103 femeia, ce reprezint\u0103 copiii?<\/span><\/strong><\/p>\n<p class=\"MsoNormal\" style=\"text-align: justify;\"><span lang=\"RO\">FI: Fiecare membru are un rol reprezentativ \u00een nucleul de baz\u0103 a societ\u0103\u0163ii, iar copiii reprezint\u0103 totul \u2013 \u00eemplinire, bucurie, speran\u0163\u0103 \u2013 \u00eensu\u015fi scopul vie\u0163ii oric\u0103rei familii cre\u015ftine.<\/span><\/p>\n<p class=\"MsoNormal\" style=\"text-align: justify;\"><strong><span lang=\"RO\">Rep: Ce le-a\u0163i cere politicienilor s\u0103 fac\u0103 pentru a proteja \u015fi a promova via\u0163a? \u00cen condi\u0163iile \u00een care avortul nu ar putea fi total interzis, ce alte instrumente crede\u0163i c\u0103 avem la \u00eendem\u00e2n\u0103 pentru a ap\u0103ra copiii nen\u0103scu\u0163i?<\/span><\/strong><\/p>\n<p class=\"MsoNormal\" style=\"text-align: justify;\"><span lang=\"RO\">FI: Dac\u0103, din nefericire, nu vor putea interzice avortul, cel pu\u0163in s\u0103 \u00eencurajeze \u015fi chiar s\u0103 finan\u0163eze campaniile care promoveaz\u0103 VIA\u0162A. E mult mai nobil dec\u00e2t s\u0103 accepte tacit ori cu indiferen\u0163\u0103 cre\u015fterea ratei avorturilor, din ra\u0163iuni materiale.<\/span><\/p>\n<p class=\"MsoNormal\" style=\"text-align: justify;\"><strong><span lang=\"RO\">Rep: Care este programul manifest\u0103rilor prilejuite de Mar\u015ful pentru Via\u0163\u0103 \u00een ora\u015ful dumneavoastr\u0103?<\/span><\/strong><\/p>\n<p class=\"MsoNormal\" style=\"text-align: justify;\"><span lang=\"RO\">FI: Programul manifest\u0103rilor Asocia\u0163iei PROVITA T\u00e2rgovi\u015fte, cu prilejul MPV 2014, este urm\u0103torul: <\/span><\/p>\n<p class=\"MsoNormal\" style=\"text-align: justify;\"><span lang=\"RO\">-S\u00e2mb\u0103t\u0103, 22 Martie 2014, ora 11:30: ne str\u00e2ngem pe Platoul \u201eMihai Viteazu\u201c din T\u00e2rgovi\u015fte.<\/span><\/p>\n<p class=\"MsoNormal\" style=\"text-align: justify;\"><span lang=\"RO\">-Ora 12:00: pornim Mar\u015ful \u2013 \u00eemp\u0103r\u0163im pliante, flutura\u015fi, materiale antiavort.<\/span><\/p>\n<p class=\"MsoNormal\" style=\"text-align: justify;\"><span lang=\"RO\">-Traseul: Platoul \u201eMihai Viteazu\u201c, \u00een fa\u0163a Sindicatelor \u2013 Parcul Mitropoliei \u2013 Platoul Complex Mondial \u2013 Platoul Prefecturii \u2013 Monumentul Eroilor \u2013 BCR \u2013 Catedrala Mitropolitan\u0103 (aici, cine dore\u015fte, particip\u0103 la Acatistul Sf. Stelian \u2013 Ocrotitorul Copiilor). <\/span><\/p>\n<p class=\"MsoNormal\" style=\"text-align: justify;\"><span lang=\"RO\">-Organizatori: ASCOR T\u00e2rgovi\u015fte, PROVITA T\u00e2rgovi\u015fte.<\/span><\/p>\n<p class=\"MsoNormal\" style=\"text-align: justify;\"><span lang=\"RO\">-Participan\u0163i: Asocia\u0163ia \u201eLiterata\u201cT\u00e2rgovi\u015fte, preo\u0163i, medici, elevi \u015fi studen\u0163i.<\/span><\/p>\n<p class=\"MsoNormal\" style=\"text-align: justify;\"><strong><span lang=\"RO\">Rep: Ave\u0163i un mesaj de ad\u0103ugat?<\/span><\/strong><\/p>\n<p class=\"MsoNormal\" style=\"text-align: justify;\"><span lang=\"RO\">FI: Mesaj de suflet c\u0103tre politicieni: Dac\u0103 ave\u0163i un cuv\u00e2nt de spus \u00een Parlament, ini\u0163ia\u0163i URGENT demersuri de PROMOVARE, SUS\u0162INERE \u015fi chiar SPONSORIZARE a ac\u0163iunilor noastre comune, care nu vizeaz\u0103 altceva dec\u00e2t pre\u0163uirea VIE\u0162II.<\/span><\/p>","protected":false},"excerpt":{"rendered":"<p>Pe 22 \u0219i 23 martie 2014, \u00een ora\u0219ele Rom\u00e2niei are loc Mar\u015ful pentru Via\u0163\u0103 2014, manifestare organizat\u0103 de asocia\u0163iile care ap\u0103r\u0103 via\u0163a copiilor nen\u0103scu\u0163i \u015fi valorile familiei. Tema edi\u0163iei din acest an a Mar\u015fului pentru Via\u0163\u0103 este responsabilitatea, cu accent pe adop\u0163ie, pe care participan\u0163ii o propun ca solu\u0163ie responsabil\u0103 \u015fi constructiv\u0103 \u00een caz de [&hellip;]<\/p>\n","protected":false},"author":2,"featured_media":0,"comment_status":"open","ping_status":"open","sticky":false,"template":"","format":"standard","meta":{"jetpack_post_was_ever_published":false,"_jetpack_newsletter_access":"","_jetpack_dont_email_post_to_subs":false,"_jetpack_newsletter_tier_id":0,"_jetpack_memberships_contains_paywalled_content":false,"_jetpack_memberships_contains_paid_content":false,"footnotes":""},"categories":[6],"tags":[18,30,35,145,147,200,208,240],"class_list":["post-95","post","type-post","status-publish","format-standard","hentry","category-editia-2014","tag-adoptie","tag-ascor","tag-avort","tag-marsul-pentru-viata","tag-marsul-pentru-viata-2014","tag-pro-viata","tag-provita","tag-targoviste"],"yoast_head":"<!-- This site is optimized with the Yoast SEO plugin v27.5 - https:\/\/yoast.com\/product\/yoast-seo-wordpress\/ -->\n<title>\u201eMesaj c\u0103tre politicieni: Pre\u0163ui\u0163i via\u0163a!\u201c \u2013 Florin Ioni\u0163\u0103, Mar\u015ful pentru via\u0163\u0103 2014, T\u00e2rgovi\u0219te - Mar\u0219ul pentru via\u021b\u0103<\/title>\n<meta name=\"robots\" content=\"index, follow, max-snippet:-1, max-image-preview:large, max-video-preview:-1\" \/>\n<link rel=\"canonical\" href=\"http:\/\/www.marsulpentruviata.md\/en\/mesaj-catre-politicieni-pretuiti-viata-florin-ionita-marsul-pentru-viata-2014-targoviste\/\" \/>\n<meta property=\"og:locale\" content=\"en_US\" \/>\n<meta property=\"og:type\" content=\"article\" \/>\n<meta property=\"og:title\" content=\"\u201eMesaj c\u0103tre politicieni: Pre\u0163ui\u0163i via\u0163a!\u201c \u2013 Florin Ioni\u0163\u0103, Mar\u015ful pentru via\u0163\u0103 2014, T\u00e2rgovi\u0219te - Mar\u0219ul pentru via\u021b\u0103\" \/>\n<meta property=\"og:description\" content=\"Pe 22 \u0219i 23 martie 2014, \u00een ora\u0219ele Rom\u00e2niei are loc Mar\u015ful pentru Via\u0163\u0103 2014, manifestare organizat\u0103 de asocia\u0163iile care ap\u0103r\u0103 via\u0163a copiilor nen\u0103scu\u0163i \u015fi valorile familiei. Tema edi\u0163iei din acest an a Mar\u015fului pentru Via\u0163\u0103 este responsabilitatea, cu accent pe adop\u0163ie, pe care participan\u0163ii o propun ca solu\u0163ie responsabil\u0103 \u015fi constructiv\u0103 \u00een caz de [&hellip;]\" \/>\n<meta property=\"og:url\" content=\"http:\/\/www.marsulpentruviata.md\/en\/mesaj-catre-politicieni-pretuiti-viata-florin-ionita-marsul-pentru-viata-2014-targoviste\/\" \/>\n<meta property=\"og:site_name\" content=\"Mar\u0219ul pentru via\u021b\u0103\" \/>\n<meta property=\"article:published_time\" content=\"2014-03-14T12:47:41+00:00\" \/>\n<meta property=\"article:modified_time\" content=\"2016-03-19T21:06:32+00:00\" \/>\n<meta property=\"og:image\" content=\"http:\/\/marsulpentruviata.md\/wp-content\/uploads\/2014\/03\/logo2-300x183.png\" \/>\n<meta name=\"author\" content=\"mpv2016\" \/>\n<meta name=\"twitter:card\" content=\"summary_large_image\" \/>\n<meta name=\"twitter:label1\" content=\"Written by\" \/>\n\t<meta name=\"twitter:data1\" content=\"mpv2016\" \/>\n\t<meta name=\"twitter:label2\" content=\"Est. reading time\" \/>\n\t<meta name=\"twitter:data2\" content=\"5 minutes\" \/>\n<script type=\"application\/ld+json\" class=\"yoast-schema-graph\">{\"@context\":\"https:\\\/\\\/schema.org\",\"@graph\":[{\"@type\":\"Article\",\"@id\":\"http:\\\/\\\/www.marsulpentruviata.md\\\/en\\\/mesaj-catre-politicieni-pretuiti-viata-florin-ionita-marsul-pentru-viata-2014-targoviste\\\/#article\",\"isPartOf\":{\"@id\":\"http:\\\/\\\/www.marsulpentruviata.md\\\/en\\\/mesaj-catre-politicieni-pretuiti-viata-florin-ionita-marsul-pentru-viata-2014-targoviste\\\/\"},\"author\":{\"name\":\"mpv2016\",\"@id\":\"http:\\\/\\\/www.marsulpentruviata.md\\\/#\\\/schema\\\/person\\\/6b5d53acdff44eda0df653103ffb92a3\"},\"headline\":\"\u201eMesaj c\u0103tre politicieni: Pre\u0163ui\u0163i via\u0163a!\u201c \u2013 Florin Ioni\u0163\u0103, Mar\u015ful pentru via\u0163\u0103 2014, T\u00e2rgovi\u0219te\",\"datePublished\":\"2014-03-14T12:47:41+00:00\",\"dateModified\":\"2016-03-19T21:06:32+00:00\",\"mainEntityOfPage\":{\"@id\":\"http:\\\/\\\/www.marsulpentruviata.md\\\/en\\\/mesaj-catre-politicieni-pretuiti-viata-florin-ionita-marsul-pentru-viata-2014-targoviste\\\/\"},\"wordCount\":1040,\"commentCount\":0,\"image\":{\"@id\":\"http:\\\/\\\/www.marsulpentruviata.md\\\/en\\\/mesaj-catre-politicieni-pretuiti-viata-florin-ionita-marsul-pentru-viata-2014-targoviste\\\/#primaryimage\"},\"thumbnailUrl\":\"http:\\\/\\\/marsulpentruviata.md\\\/wp-content\\\/uploads\\\/2014\\\/03\\\/logo2-300x183.png\",\"keywords\":[\"adop\u021bie\",\"ASCOR\",\"avort\",\"Mar\u015ful pentru via\u0163\u0103\",\"Mar\u0219ul pentru via\u021b\u0103 2014\",\"pro-via\u021b\u0103\",\"Provita\",\"T\u00e2rgovi\u0219te\"],\"articleSection\":[\"Edi\u021bia 2014\"],\"inLanguage\":\"en-US\",\"potentialAction\":[{\"@type\":\"CommentAction\",\"name\":\"Comment\",\"target\":[\"http:\\\/\\\/www.marsulpentruviata.md\\\/en\\\/mesaj-catre-politicieni-pretuiti-viata-florin-ionita-marsul-pentru-viata-2014-targoviste\\\/#respond\"]}]},{\"@type\":\"WebPage\",\"@id\":\"http:\\\/\\\/www.marsulpentruviata.md\\\/en\\\/mesaj-catre-politicieni-pretuiti-viata-florin-ionita-marsul-pentru-viata-2014-targoviste\\\/\",\"url\":\"http:\\\/\\\/www.marsulpentruviata.md\\\/en\\\/mesaj-catre-politicieni-pretuiti-viata-florin-ionita-marsul-pentru-viata-2014-targoviste\\\/\",\"name\":\"\u201eMesaj c\u0103tre politicieni: Pre\u0163ui\u0163i via\u0163a!\u201c \u2013 Florin Ioni\u0163\u0103, Mar\u015ful pentru via\u0163\u0103 2014, T\u00e2rgovi\u0219te - Mar\u0219ul pentru via\u021b\u0103\",\"isPartOf\":{\"@id\":\"http:\\\/\\\/www.marsulpentruviata.md\\\/#website\"},\"primaryImageOfPage\":{\"@id\":\"http:\\\/\\\/www.marsulpentruviata.md\\\/en\\\/mesaj-catre-politicieni-pretuiti-viata-florin-ionita-marsul-pentru-viata-2014-targoviste\\\/#primaryimage\"},\"image\":{\"@id\":\"http:\\\/\\\/www.marsulpentruviata.md\\\/en\\\/mesaj-catre-politicieni-pretuiti-viata-florin-ionita-marsul-pentru-viata-2014-targoviste\\\/#primaryimage\"},\"thumbnailUrl\":\"http:\\\/\\\/marsulpentruviata.md\\\/wp-content\\\/uploads\\\/2014\\\/03\\\/logo2-300x183.png\",\"datePublished\":\"2014-03-14T12:47:41+00:00\",\"dateModified\":\"2016-03-19T21:06:32+00:00\",\"author\":{\"@id\":\"http:\\\/\\\/www.marsulpentruviata.md\\\/#\\\/schema\\\/person\\\/6b5d53acdff44eda0df653103ffb92a3\"},\"breadcrumb\":{\"@id\":\"http:\\\/\\\/www.marsulpentruviata.md\\\/en\\\/mesaj-catre-politicieni-pretuiti-viata-florin-ionita-marsul-pentru-viata-2014-targoviste\\\/#breadcrumb\"},\"inLanguage\":\"en-US\",\"potentialAction\":[{\"@type\":\"ReadAction\",\"target\":[\"http:\\\/\\\/www.marsulpentruviata.md\\\/en\\\/mesaj-catre-politicieni-pretuiti-viata-florin-ionita-marsul-pentru-viata-2014-targoviste\\\/\"]}]},{\"@type\":\"ImageObject\",\"inLanguage\":\"en-US\",\"@id\":\"http:\\\/\\\/www.marsulpentruviata.md\\\/en\\\/mesaj-catre-politicieni-pretuiti-viata-florin-ionita-marsul-pentru-viata-2014-targoviste\\\/#primaryimage\",\"url\":\"http:\\\/\\\/marsulpentruviata.md\\\/wp-content\\\/uploads\\\/2014\\\/03\\\/logo2-300x183.png\",\"contentUrl\":\"http:\\\/\\\/marsulpentruviata.md\\\/wp-content\\\/uploads\\\/2014\\\/03\\\/logo2-300x183.png\"},{\"@type\":\"BreadcrumbList\",\"@id\":\"http:\\\/\\\/www.marsulpentruviata.md\\\/en\\\/mesaj-catre-politicieni-pretuiti-viata-florin-ionita-marsul-pentru-viata-2014-targoviste\\\/#breadcrumb\",\"itemListElement\":[{\"@type\":\"ListItem\",\"position\":1,\"name\":\"Home\",\"item\":\"http:\\\/\\\/www.marsulpentruviata.md\\\/\"},{\"@type\":\"ListItem\",\"position\":2,\"name\":\"\u201eMesaj c\u0103tre politicieni: Pre\u0163ui\u0163i via\u0163a!\u201c \u2013 Florin Ioni\u0163\u0103, Mar\u015ful pentru via\u0163\u0103 2014, T\u00e2rgovi\u0219te\"}]},{\"@type\":\"WebSite\",\"@id\":\"http:\\\/\\\/www.marsulpentruviata.md\\\/#website\",\"url\":\"http:\\\/\\\/www.marsulpentruviata.md\\\/\",\"name\":\"Mar\u0219ul pentru via\u021b\u0103\",\"description\":\"O lume pentru via\u021b\u0103\",\"potentialAction\":[{\"@type\":\"SearchAction\",\"target\":{\"@type\":\"EntryPoint\",\"urlTemplate\":\"http:\\\/\\\/www.marsulpentruviata.md\\\/?s={search_term_string}\"},\"query-input\":{\"@type\":\"PropertyValueSpecification\",\"valueRequired\":true,\"valueName\":\"search_term_string\"}}],\"inLanguage\":\"en-US\"},{\"@type\":\"Person\",\"@id\":\"http:\\\/\\\/www.marsulpentruviata.md\\\/#\\\/schema\\\/person\\\/6b5d53acdff44eda0df653103ffb92a3\",\"name\":\"mpv2016\",\"image\":{\"@type\":\"ImageObject\",\"inLanguage\":\"en-US\",\"@id\":\"https:\\\/\\\/secure.gravatar.com\\\/avatar\\\/05f26a2ac98bca797e21ea554e44f19c84dabe9ea4f44ba6de8d4c4ac1891d54?s=96&d=mm&r=g\",\"url\":\"https:\\\/\\\/secure.gravatar.com\\\/avatar\\\/05f26a2ac98bca797e21ea554e44f19c84dabe9ea4f44ba6de8d4c4ac1891d54?s=96&d=mm&r=g\",\"contentUrl\":\"https:\\\/\\\/secure.gravatar.com\\\/avatar\\\/05f26a2ac98bca797e21ea554e44f19c84dabe9ea4f44ba6de8d4c4ac1891d54?s=96&d=mm&r=g\",\"caption\":\"mpv2016\"},\"url\":\"http:\\\/\\\/www.marsulpentruviata.md\\\/en\\\/author\\\/mpv2016\\\/\"}]}<\/script>\n<!-- \/ Yoast SEO plugin. -->","yoast_head_json":{"title":"\u201eMesaj c\u0103tre politicieni: Pre\u0163ui\u0163i via\u0163a!\u201c \u2013 Florin Ioni\u0163\u0103, Mar\u015ful pentru via\u0163\u0103 2014, T\u00e2rgovi\u0219te - Mar\u0219ul pentru via\u021b\u0103","robots":{"index":"index","follow":"follow","max-snippet":"max-snippet:-1","max-image-preview":"max-image-preview:large","max-video-preview":"max-video-preview:-1"},"canonical":"http:\/\/www.marsulpentruviata.md\/en\/mesaj-catre-politicieni-pretuiti-viata-florin-ionita-marsul-pentru-viata-2014-targoviste\/","og_locale":"en_US","og_type":"article","og_title":"\u201eMesaj c\u0103tre politicieni: Pre\u0163ui\u0163i via\u0163a!\u201c \u2013 Florin Ioni\u0163\u0103, Mar\u015ful pentru via\u0163\u0103 2014, T\u00e2rgovi\u0219te - Mar\u0219ul pentru via\u021b\u0103","og_description":"Pe 22 \u0219i 23 martie 2014, \u00een ora\u0219ele Rom\u00e2niei are loc Mar\u015ful pentru Via\u0163\u0103 2014, manifestare organizat\u0103 de asocia\u0163iile care ap\u0103r\u0103 via\u0163a copiilor nen\u0103scu\u0163i \u015fi valorile familiei. Tema edi\u0163iei din acest an a Mar\u015fului pentru Via\u0163\u0103 este responsabilitatea, cu accent pe adop\u0163ie, pe care participan\u0163ii o propun ca solu\u0163ie responsabil\u0103 \u015fi constructiv\u0103 \u00een caz de [&hellip;]","og_url":"http:\/\/www.marsulpentruviata.md\/en\/mesaj-catre-politicieni-pretuiti-viata-florin-ionita-marsul-pentru-viata-2014-targoviste\/","og_site_name":"Mar\u0219ul pentru via\u021b\u0103","article_published_time":"2014-03-14T12:47:41+00:00","article_modified_time":"2016-03-19T21:06:32+00:00","og_image":[{"url":"http:\/\/marsulpentruviata.md\/wp-content\/uploads\/2014\/03\/logo2-300x183.png","type":"","width":"","height":""}],"author":"mpv2016","twitter_card":"summary_large_image","twitter_misc":{"Written by":"mpv2016","Est. reading time":"5 minutes"},"schema":{"@context":"https:\/\/schema.org","@graph":[{"@type":"Article","@id":"http:\/\/www.marsulpentruviata.md\/en\/mesaj-catre-politicieni-pretuiti-viata-florin-ionita-marsul-pentru-viata-2014-targoviste\/#article","isPartOf":{"@id":"http:\/\/www.marsulpentruviata.md\/en\/mesaj-catre-politicieni-pretuiti-viata-florin-ionita-marsul-pentru-viata-2014-targoviste\/"},"author":{"name":"mpv2016","@id":"http:\/\/www.marsulpentruviata.md\/#\/schema\/person\/6b5d53acdff44eda0df653103ffb92a3"},"headline":"\u201eMesaj c\u0103tre politicieni: Pre\u0163ui\u0163i via\u0163a!\u201c \u2013 Florin Ioni\u0163\u0103, Mar\u015ful pentru via\u0163\u0103 2014, T\u00e2rgovi\u0219te","datePublished":"2014-03-14T12:47:41+00:00","dateModified":"2016-03-19T21:06:32+00:00","mainEntityOfPage":{"@id":"http:\/\/www.marsulpentruviata.md\/en\/mesaj-catre-politicieni-pretuiti-viata-florin-ionita-marsul-pentru-viata-2014-targoviste\/"},"wordCount":1040,"commentCount":0,"image":{"@id":"http:\/\/www.marsulpentruviata.md\/en\/mesaj-catre-politicieni-pretuiti-viata-florin-ionita-marsul-pentru-viata-2014-targoviste\/#primaryimage"},"thumbnailUrl":"http:\/\/marsulpentruviata.md\/wp-content\/uploads\/2014\/03\/logo2-300x183.png","keywords":["adop\u021bie","ASCOR","avort","Mar\u015ful pentru via\u0163\u0103","Mar\u0219ul pentru via\u021b\u0103 2014","pro-via\u021b\u0103","Provita","T\u00e2rgovi\u0219te"],"articleSection":["Edi\u021bia 2014"],"inLanguage":"en-US","potentialAction":[{"@type":"CommentAction","name":"Comment","target":["http:\/\/www.marsulpentruviata.md\/en\/mesaj-catre-politicieni-pretuiti-viata-florin-ionita-marsul-pentru-viata-2014-targoviste\/#respond"]}]},{"@type":"WebPage","@id":"http:\/\/www.marsulpentruviata.md\/en\/mesaj-catre-politicieni-pretuiti-viata-florin-ionita-marsul-pentru-viata-2014-targoviste\/","url":"http:\/\/www.marsulpentruviata.md\/en\/mesaj-catre-politicieni-pretuiti-viata-florin-ionita-marsul-pentru-viata-2014-targoviste\/","name":"\u201eMesaj c\u0103tre politicieni: Pre\u0163ui\u0163i via\u0163a!\u201c \u2013 Florin Ioni\u0163\u0103, Mar\u015ful pentru via\u0163\u0103 2014, T\u00e2rgovi\u0219te - Mar\u0219ul pentru via\u021b\u0103","isPartOf":{"@id":"http:\/\/www.marsulpentruviata.md\/#website"},"primaryImageOfPage":{"@id":"http:\/\/www.marsulpentruviata.md\/en\/mesaj-catre-politicieni-pretuiti-viata-florin-ionita-marsul-pentru-viata-2014-targoviste\/#primaryimage"},"image":{"@id":"http:\/\/www.marsulpentruviata.md\/en\/mesaj-catre-politicieni-pretuiti-viata-florin-ionita-marsul-pentru-viata-2014-targoviste\/#primaryimage"},"thumbnailUrl":"http:\/\/marsulpentruviata.md\/wp-content\/uploads\/2014\/03\/logo2-300x183.png","datePublished":"2014-03-14T12:47:41+00:00","dateModified":"2016-03-19T21:06:32+00:00","author":{"@id":"http:\/\/www.marsulpentruviata.md\/#\/schema\/person\/6b5d53acdff44eda0df653103ffb92a3"},"breadcrumb":{"@id":"http:\/\/www.marsulpentruviata.md\/en\/mesaj-catre-politicieni-pretuiti-viata-florin-ionita-marsul-pentru-viata-2014-targoviste\/#breadcrumb"},"inLanguage":"en-US","potentialAction":[{"@type":"ReadAction","target":["http:\/\/www.marsulpentruviata.md\/en\/mesaj-catre-politicieni-pretuiti-viata-florin-ionita-marsul-pentru-viata-2014-targoviste\/"]}]},{"@type":"ImageObject","inLanguage":"en-US","@id":"http:\/\/www.marsulpentruviata.md\/en\/mesaj-catre-politicieni-pretuiti-viata-florin-ionita-marsul-pentru-viata-2014-targoviste\/#primaryimage","url":"http:\/\/marsulpentruviata.md\/wp-content\/uploads\/2014\/03\/logo2-300x183.png","contentUrl":"http:\/\/marsulpentruviata.md\/wp-content\/uploads\/2014\/03\/logo2-300x183.png"},{"@type":"BreadcrumbList","@id":"http:\/\/www.marsulpentruviata.md\/en\/mesaj-catre-politicieni-pretuiti-viata-florin-ionita-marsul-pentru-viata-2014-targoviste\/#breadcrumb","itemListElement":[{"@type":"ListItem","position":1,"name":"Home","item":"http:\/\/www.marsulpentruviata.md\/"},{"@type":"ListItem","position":2,"name":"\u201eMesaj c\u0103tre politicieni: Pre\u0163ui\u0163i via\u0163a!\u201c \u2013 Florin Ioni\u0163\u0103, Mar\u015ful pentru via\u0163\u0103 2014, T\u00e2rgovi\u0219te"}]},{"@type":"WebSite","@id":"http:\/\/www.marsulpentruviata.md\/#website","url":"http:\/\/www.marsulpentruviata.md\/","name":"March for Life","description":"O lume pentru via\u021b\u0103","potentialAction":[{"@type":"SearchAction","target":{"@type":"EntryPoint","urlTemplate":"http:\/\/www.marsulpentruviata.md\/?s={search_term_string}"},"query-input":{"@type":"PropertyValueSpecification","valueRequired":true,"valueName":"search_term_string"}}],"inLanguage":"en-US"},{"@type":"Person","@id":"http:\/\/www.marsulpentruviata.md\/#\/schema\/person\/6b5d53acdff44eda0df653103ffb92a3","name":"mpv2016","image":{"@type":"ImageObject","inLanguage":"en-US","@id":"https:\/\/secure.gravatar.com\/avatar\/05f26a2ac98bca797e21ea554e44f19c84dabe9ea4f44ba6de8d4c4ac1891d54?s=96&d=mm&r=g","url":"https:\/\/secure.gravatar.com\/avatar\/05f26a2ac98bca797e21ea554e44f19c84dabe9ea4f44ba6de8d4c4ac1891d54?s=96&d=mm&r=g","contentUrl":"https:\/\/secure.gravatar.com\/avatar\/05f26a2ac98bca797e21ea554e44f19c84dabe9ea4f44ba6de8d4c4ac1891d54?s=96&d=mm&r=g","caption":"mpv2016"},"url":"http:\/\/www.marsulpentruviata.md\/en\/author\/mpv2016\/"}]}},"jetpack_featured_media_url":"","jetpack_sharing_enabled":true,"jetpack_shortlink":"https:\/\/wp.me\/p7mnA9-1x","_links":{"self":[{"href":"http:\/\/www.marsulpentruviata.md\/en\/wp-json\/wp\/v2\/posts\/95","targetHints":{"allow":["GET"]}}],"collection":[{"href":"http:\/\/www.marsulpentruviata.md\/en\/wp-json\/wp\/v2\/posts"}],"about":[{"href":"http:\/\/www.marsulpentruviata.md\/en\/wp-json\/wp\/v2\/types\/post"}],"author":[{"embeddable":true,"href":"http:\/\/www.marsulpentruviata.md\/en\/wp-json\/wp\/v2\/users\/2"}],"replies":[{"embeddable":true,"href":"http:\/\/www.marsulpentruviata.md\/en\/wp-json\/wp\/v2\/comments?post=95"}],"version-history":[{"count":2,"href":"http:\/\/www.marsulpentruviata.md\/en\/wp-json\/wp\/v2\/posts\/95\/revisions"}],"predecessor-version":[{"id":2044,"href":"http:\/\/www.marsulpentruviata.md\/en\/wp-json\/wp\/v2\/posts\/95\/revisions\/2044"}],"wp:attachment":[{"href":"http:\/\/www.marsulpentruviata.md\/en\/wp-json\/wp\/v2\/media?parent=95"}],"wp:term":[{"taxonomy":"category","embeddable":true,"href":"http:\/\/www.marsulpentruviata.md\/en\/wp-json\/wp\/v2\/categories?post=95"},{"taxonomy":"post_tag","embeddable":true,"href":"http:\/\/www.marsulpentruviata.md\/en\/wp-json\/wp\/v2\/tags?post=95"}],"curies":[{"name":"wp","href":"https:\/\/api.w.org\/{rel}","templated":true}]}}