{"id":979,"date":"2014-04-02T10:59:06","date_gmt":"2014-04-02T07:59:06","guid":{"rendered":"http:\/\/www.marsulpentruviata.ro\/?p=979"},"modified":"2016-03-19T20:40:43","modified_gmt":"2016-03-19T20:40:43","slug":"ioana-picos-adoptia-este-un-act-de-iubire","status":"publish","type":"post","link":"http:\/\/www.marsulpentruviata.md\/en\/ioana-picos-adoptia-este-un-act-de-iubire\/","title":{"rendered":"Ioana Pico\u015f: \u201eAdop\u0163ia este un act de iubire\u201d"},"content":{"rendered":"<div class=\"entry\">\n<p style=\"text-align: justify;\"><a href=\"http:\/\/marsulpentruviata.md\/wp-content\/uploads\/2014\/04\/nr-1-picos3.jpg\"><img loading=\"lazy\" decoding=\"async\" class=\"alignnone size-medium wp-image-8835\" alt=\"nr 1 picos3\" src=\"http:\/\/marsulpentruviata.md\/wp-content\/uploads\/2014\/04\/nr-1-picos3-200x300.jpg\" width=\"166\" height=\"250\" \/><\/a><\/p>\n<p dir=\"ltr\" style=\"text-align: justify;\"><em>Pe Ioana Pico\u0219 o cunoa\u0219te\u021bi din modeling, film, teatru, muzic\u0103, manifesta\u021biile Uni\u021bi Salv\u0103m Ro\u0219ia Montan\u0103, campaniile \u00eempotriva exploat\u0103rii gazelor de \u0219ist prin fracturare hidraulic\u0103, evenimente de sus\u021binere a persoanelor cu autism \u0219i din multe alte campanii umanitare. Iar acum, la 28 de ani, a fost \u00a0purt\u0103torul de cuv\u00e2nt al Mar\u015fului pentru via\u0163\u0103 2014 \u2013 \u201eAdop\u0163ia, o alegere nobil\u0103\u201d \u0219i al S\u0103pt\u0103m\u00e2nii pentru via\u021b\u0103 2014 \u0219i produc\u0103torul concertului Live for life, din cadrul mar\u0219ului.<\/em><\/p>\n<div class=\"wp-caption alignright\" id=\"attachment_8836\" style=\"width: 222px;\"><a href=\"http:\/\/marsulpentruviata.md\/wp-content\/uploads\/2014\/04\/nr.-2-concert-mpv-2014-WEB-2.jpg\"><img loading=\"lazy\" decoding=\"async\" class=\"size-medium wp-image-8836\" alt=\"nr. 2 concert-mpv-2014-WEB (2)\" src=\"http:\/\/marsulpentruviata.md\/wp-content\/uploads\/2014\/04\/nr.-2-concert-mpv-2014-WEB-2-212x300.jpg\" width=\"212\" height=\"300\" \/><\/a><\/p>\n<p class=\"wp-caption-text\">Afi\u0219ul concertului Live for Life<\/p>\n<\/div>\n<p dir=\"ltr\" style=\"text-align: justify;\"><strong>Rep: Ce v-a determinat s\u0103 accepta\u0163i propunerea de a fi purt\u0103tor de cuv\u00e2nt al Mar\u015fului pentru via\u0163\u0103 2014 \u2013 \u201eAdop\u0163ia, o alegere nobil\u0103\u201d?<\/strong><\/p>\n<p dir=\"ltr\" style=\"text-align: justify;\"><strong>Ioana Pico\u015f<\/strong>: Au fost mai mul\u0163i factori determinan\u0163i. Mai \u00eent\u00e2i, m\u0103 cuno\u015fteam cu Alexandra Nadane, pre\u015fedintele asocia\u0163iei Studen\u0163i pentru via\u0163\u0103, care mi-a propus s\u0103 fiu purt\u0103tor de cuv\u00e2nt pentru campania \u201eS\u0103pt\u0103m\u00e2na pentru via\u0163\u0103 2014\u201d \u015fi \u201eMar\u015ful pentru via\u0163\u0103 2014\u201d, ambele cu tema \u201eAdop\u0163ia, o alegere nobil\u0103\u201d.<\/p>\n<p dir=\"ltr\" style=\"text-align: justify;\">Sunt actor \u015fi este, cumva, una dintre atribu\u0163iile mele s\u0103 fac \u00een a\u015fa fel \u00eenc\u00e2t un mesaj s\u0103 ajung\u0103 la public. \u00cens\u0103 cel mai important motiv pentru care am acceptat este faptul ca eu sunt pro life \u015fi cred c\u0103 adop\u0163ia reprezint\u0103 o solu\u0163ie extraordinar\u0103 prin care se \u00eemplinesc necesit\u0103\u0163ile at\u00e2tor oameni. M\u0103 refer at\u00e2t la mamele care nu pot s\u0103 ofere copilului condi\u0163iile optime pentru a cre\u015fte \u00eentr-o familie, c\u00e2t \u015fi la p\u0103rin\u0163ii adoptivi care t\u00e2njesc, uneori, dup\u0103 iubirea unui copil at\u00e2\u0163ia \u015fi at\u00e2\u0163ia ani; dar s\u0103 nu uit\u0103m \u015fi copilul, cel mai important de altfel, care prime\u015fte \u015fansa de a se dezvolta \u00eentr-o familie s\u0103n\u0103toas\u0103.<\/p>\n<p dir=\"ltr\" style=\"text-align: justify;\">Adop\u0163ia este un act de iubire pe care \u00eel pot face at\u00e2t cei care nu pot avea copii, c\u00e2t \u015fi cei care simt s\u0103 adopte al\u0163i copii, pe l\u00e2ng\u0103 copiii lor biologici.<\/p>\n<p dir=\"ltr\" style=\"text-align: justify;\"><strong>Rep: \u00cen general, Mar\u015ful pentru via\u0163\u0103 are ca scop protejarea vie\u0163ii copiilor nen\u0103scu\u0163i, o tem\u0103 controversat\u0103 \u015fi \u00een Rom\u00e2nia, unde avortul la cerere e legal p\u00e2n\u0103 la 14 s\u0103pt\u0103m\u00e2ni. Nu v\u0103 este team\u0103 c\u0103 ve\u0163i avea de suferit \u00een plan profesional pentru exprimarea public\u0103 pro-via\u0163\u0103?<\/strong><\/p>\n<p dir=\"ltr\" style=\"text-align: justify;\"><strong>Ioana Pico\u015f<\/strong>: Faptul c\u0103 mi-am exprimat opinia \u00een mod deschis \u015fi public este un lucru pe care mi-l asum, cu tot ceea ce \u00eenseamn\u0103 \u015fi va \u00eensemna pe mai departe.<\/p>\n<p dir=\"ltr\" style=\"text-align: justify;\">Consider c\u0103 o fiin\u0163\u0103 la o s\u0103pt\u0103m\u00e2n\u0103 nu este mai pu\u0163in fiin\u0163\u0103 dec\u00e2t la dou\u0103 s\u0103pt\u0103m\u00e2ni. Altfel, copilul ar prinde via\u0163\u0103 direct de la 14 s\u0103pt\u0103m\u00e2ni. Dar nu este a\u015fa. Este ca \u015fi cum ai spune c\u0103 un copil de 6 luni e mai pu\u0163in copil dec\u00e2t un adolescent, doar fiindc\u0103 este mai mic \u015fi nu poate \u00eenc\u0103 s\u0103 mearg\u0103 sau s\u0103 vorbeasc\u0103, prin urmare are mai pu\u0163ine drepturi dec\u00e2t adolescentul \u015fi poate fi eventual \u015fi ucis dac\u0103 vrea unul dintre p\u0103rin\u0163i sau am\u00e2ndoi, ceea ce este fals.<\/p>\n<p dir=\"ltr\" style=\"text-align: justify;\">Este p\u0103cat c\u0103 femeile nu \u00een\u0163eleg c\u0103\u00a0avortul \u00eenseamn\u0103, de fapt, lipsirea b\u0103rbatului de o responsabilitate fireasc\u0103. Nu \u00ee\u015fi fac lor, ca femei, niciun beneficiu. Nu cred s\u0103 existe vreo femeie care sa r\u0103m\u00e2n\u0103 \u00eens\u0103rcinat\u0103 \u015fi, av\u00e2nd tot sprijinul b\u0103rbatului cu care a conceput copilul, ea totu\u015fi s\u0103 aleag\u0103 avortul. Femeile ajung \u00een aceast\u0103 situa\u0163ie din cauza lipsei de responsabilitate, de asumare a b\u0103rbatului.<\/p>\n<p dir=\"ltr\" style=\"text-align: justify;\">Trebuie s\u0103 se \u00een\u0163eleag\u0103 faptul c\u0103 sexul duce la conceperea unui copil \u015fi nu po\u0163i s\u0103 fentezi natura, prin avort, pastile, spermicide f\u0103r\u0103 repercusiuni dintre cele mai grave at\u00e2t la nivel fizic, c\u00e2t \u015fi psihic \u015fi spiritual. Toate acestea sunt lucruri \u00eempotriva cursului natural \u015fi, ca orice este artificial, are efecte negative asupra femeii. Iei pastile anticoncep\u0163ionale \u015fi s\u0103 \u00ee\u0163i dai organismul peste cap, trebuie s\u0103 iei alte pastile ca s\u0103 nu re\u0163ii apa, alte pastile ca s\u0103 nu \u00ee\u0163i umpli ficatul de toxine. Uita\u0163i-v\u0103 numai pe prospectul anticoncep\u0163ionalelor \u015fi ve\u0163i vedea la ce se supun femeile fiindc\u0103 b\u0103rba\u0163ii nu vor s\u0103 \u00ee\u015fi asume responsabilitatea unui copil.<\/p>\n<p dir=\"ltr\" style=\"text-align: justify;\">Mai degrab\u0103 s\u0103 \u00eenv\u0103\u0163\u0103m copiii s\u0103 tr\u0103iasc\u0103 \u00een valori cre\u015ftine s\u0103n\u0103toase, s\u0103 nu mai promov\u0103m at\u00e2t de mult sexualitatea, s\u0103 \u00eenv\u0103\u0163\u0103m c\u0103 fiin\u0163a uman\u0103 este mult mai mult dec\u00e2t instinctul omului de grot\u0103 \u015fi c\u0103, dac\u0103 apare un copil \u00een via\u0163a ta, e bine s\u0103 ai \u00eencredere c\u0103 Dumnezeu \u0163i l-a dat cu un scop bine \u00eentemeiat.<\/p>\n<p dir=\"ltr\" style=\"text-align: justify;\">Stau \u015fi m\u0103 g\u00e2ndesc la faptul c\u0103 oamenii sunt creaturile de pe aceast\u0103 planet\u0103 care \u00ee\u015fi ucid copiii. Cred c\u0103 asta spune foarte multe despre nivelul nostru\u2026 Din punctul meu de vedere, este un act de la\u015fitate. Este foarte simplu s\u0103 te g\u00e2nde\u015fti la avort c\u00e2nd tu e\u015fti bine-mersi, viu, n\u0103scut. Dar dac\u0103 mama ta g\u00e2ndea ca tine?<\/p>\n<p dir=\"ltr\" style=\"text-align: justify;\">Prin urmare, consider c\u0103 cei care \u00eemi sunt al\u0103turi \u00een via\u0163a personal\u0103 \u015fi profesional\u0103 \u00een\u0163eleg asta \u015fi \u00een\u0163eleg importan\u0163a familiei. Iar celor care nu \u00eemi \u00eemp\u0103rt\u0103\u015fesc opiniile le doresc s\u0103 le fie bine.<\/p>\n<p dir=\"ltr\" style=\"text-align: justify;\"><strong>Rep: A\u0163i fost purt\u0103tor de cuv\u00e2nt al Mar\u015fului, dar \u015fi produc\u0103torul \u015fi prezentatorul concertului de sus\u0163inere. Cum s-au raportat cei opt arti\u015fti la acest eveniment la care au participat pro bono?<\/strong><\/p>\n<div class=\"wp-caption alignleft\" id=\"attachment_8841\" style=\"width: 310px;\"><a href=\"http:\/\/marsulpentruviata.md\/wp-content\/uploads\/2014\/04\/10149443_10202856431745169_1445774929_n.jpg\"><img loading=\"lazy\" decoding=\"async\" class=\"size-medium wp-image-8841\" alt=\"10149443_10202856431745169_1445774929_n\" src=\"http:\/\/marsulpentruviata.md\/wp-content\/uploads\/2014\/04\/10149443_10202856431745169_1445774929_n-300x200.jpg\" width=\"300\" height=\"200\" \/><\/a><\/p>\n<p class=\"wp-caption-text\">\u00cempreun\u0103 cu Vlad Stoia \u0219i Beatrice Vl\u0103dan, Live for Life, 2014<\/p>\n<\/div>\n<p dir=\"ltr\" style=\"text-align: justify;\">Ioana Pico\u015f: Excelent! Vlad Miri\u0163\u0103, Alexandra U\u015furelu, Bogdan Vl\u0103d\u0103u, Anthony Icuagu, Vlad Stoia, Beatrice Vl\u0103dan \u0219i Caitlyn \u00eemi sunt foarte dragi \u015fi apropia\u0163i \u015fi ei m\u0103 cunosc de suficient de mult timp \u00eenc\u00e2t s\u0103 \u015ftie c\u0103, dac\u0103 m\u0103 implic \u00eentr-un anumit proiect, acesta este unul serios, care merit\u0103. Drept urmare, nu s-a pus nici m\u0103car o secund\u0103 problema dac\u0103 s\u0103 participe la eveniment, ci \u00eentrebarea lor a fost: \u201eC\u00e2te piese vrei s\u0103 c\u00e2nt\u0103m?\u201d. Iar asta cred eu c\u0103 spune tot. S\u0103 adaug \u0219i c\u0103 Vlad Miri\u021b\u0103 a adus \u00eenc\u0103 un invitat, solistul Iordache Basalic, de la Opera Na\u021bional\u0103 din Bucure\u0219ti, \u0219i c\u0103 imediat dup\u0103 concert m-a sunat Marius B\u0103lan \u0219i mi-a spus ca data viitoare s\u0103 nu cumva s\u0103 \u00eel uit!<\/p>\n<p dir=\"ltr\" style=\"text-align: justify;\"><strong>Rep: A fost prima dumneavoastr\u0103 implicare public\u0103 pe tema adop\u0163iei \u015fi pentru via\u0163\u0103. A\u0163i avut momente de \u00eendoial\u0103 privind juste\u0163ea acestor cauze ori momente c\u00e2nd v-a\u0163i temut c\u0103 nu ve\u0163i face fa\u0163\u0103 ?<\/strong><\/p>\n<p dir=\"ltr\" style=\"text-align: justify;\"><strong>Ioana Pico\u015f<\/strong>: Nu de \u00eendoial\u0103, ci momente \u00een care m\u0103 rugam s\u0103 ias\u0103 totul bine. Trebuie s\u0103 recunosc c\u0103\u00a0m-a luat prin surprindere cantitatea de efort care trebuie depus pentru a face un eveniment, \u00eens\u0103 atunci c\u00e2nd faci lucrurile cu pl\u0103cere, cu pasiune, c\u00e2nd e\u015fti dedicat, totul se rezolv\u0103 \u015fi func\u0163ioneaz\u0103. \u015ei, bine\u00een\u0163eles, dac\u0103 este o cauz\u0103 nobil\u0103, Dumnezeu \u00ee\u0163i ajut\u0103 cu tot ceea ce ai nevoie. \u015ei chiar a\u015fa a fost! Nu au fost incidente, totul a mers \u015fnur.<\/p>\n<p dir=\"ltr\" style=\"text-align: justify;\"><strong>Rep: Ce v-a impresionat cel mai mult la acest Mar\u015f?<\/strong><\/p>\n<p dir=\"ltr\" style=\"text-align: justify;\"><strong>Ioana Pico\u015f<\/strong>: Solidaritatea oamenilor. Frumuse\u0163ea lor. Momentul c\u00e2nd eram \u00een Parcul Tineretului \u015fi preg\u0103team concertul \u015fi i-am v\u0103zut c\u0103 vin! At\u00e2\u0163ia! Hot\u0103r\u00e2\u0163i, cu voie bun\u0103 dar \u015fi determinare, \u015ftiind pentru ce sunt acolo \u015fi crez\u00e2nd \u00een valorile s\u0103n\u0103toase \u015fi tradi\u0163iile rom\u00e2ne\u015fti. Unirea sufletelor rom\u00e2nilor! Ce sentiment am tr\u0103it atunci\u2026 Unic!<\/p>\n<div class=\"wp-caption alignright\" id=\"attachment_8843\" style=\"width: 310px;\"><a href=\"http:\/\/marsulpentruviata.md\/wp-content\/uploads\/2014\/04\/1209382_640566889301060_419664716_n_resize.jpg\"><img loading=\"lazy\" decoding=\"async\" class=\"size-medium wp-image-8843\" alt=\"1209382_640566889301060_419664716_n_resize\" src=\"http:\/\/marsulpentruviata.md\/wp-content\/uploads\/2014\/04\/1209382_640566889301060_419664716_n_resize-300x200.jpg\" width=\"300\" height=\"200\" \/><\/a><\/p>\n<p class=\"wp-caption-text\">Uni\u021bi Salv\u0103m Ro\u0219ia Montan\u0103, Pia\u0163a Universit\u0103\u0163ii, 2013<\/p>\n<\/div>\n<p dir=\"ltr\" style=\"text-align: justify;\"><strong>Rep: V-a\u0163i g\u00e2ndit s\u0103 adopta\u0163i copii?<\/strong><\/p>\n<p dir=\"ltr\" style=\"text-align: justify;\"><strong>Ioana Pico\u015f<\/strong>: Se spune c\u0103 pe un copil nu \u00eel alegi tu, ci te alege el pe tine. Dac\u0103 asta se va \u00eent\u00e2mpla, cu siguran\u0163\u0103. Dumnezeu le or\u00e2nduie\u015fte pe toate \u015fi va fi dup\u0103 voia Lui.<\/p>\n<p dir=\"ltr\" style=\"text-align: justify;\"><strong>Rep: Ce \u00eenseamn\u0103 pentru dumneavoastr\u0103 familia?<\/strong><\/p>\n<p dir=\"ltr\" style=\"text-align: justify;\"><strong>Ioana Pico\u015f<\/strong>: R\u0103d\u0103cina f\u0103r\u0103 de care nu po\u0163i avea stabilitate \u00een via\u0163\u0103.<\/p>\n<p dir=\"ltr\" style=\"text-align: justify;\"><strong>Rep: La mar\u015f s-a discutat despre necesitatea \u00eenceperii procesului de \u00eencredin\u0163are spre adop\u0163ie din perioada sarcinii, \u00een cazul mamelor sau familiilor care nu \u00ee\u015fi pot cre\u015fte copilul. Ce argumente i-a\u0163i aduce unei mame aflate \u00een aceast\u0103 situa\u021bie \u00een sprijinul acestei op\u0163iuni?<\/strong><\/p>\n<p dir=\"ltr\" style=\"text-align: justify;\"><strong>Ioana Pico\u015f<\/strong>: C\u0103 atunci c\u00e2nd iube\u015fti, te g\u00e2nde\u015fti \u00eentotdeauna la binele celuilalt. Iar dac\u0103 prima variant\u0103, \u015fi anume aceea \u00een care copilul cre\u0219te \u00een familia biologic\u0103, este cu neputin\u0163\u0103, atunci urm\u0103torul pas este adop\u0163ia. Cu siguran\u0163\u0103 c\u0103, dac\u0103 ar putea vorbi, niciun copil nu ar vrea sa fie ucis. Prin urmare, dac\u0103 femeia, mama, poate s\u0103 aleag\u0103 \u00eenc\u0103 din timpul sarcinii o familie potrivit\u0103, cu ajutorul oamenilor specializa\u0163i, evident, ea \u00eei d\u0103 astfel o dovad\u0103 de iubire copilului ei, asigur\u00e2ndu-i viitorul pe care ea nu poate s\u0103 i-l ofere. A\u0219a \u00ee\u0219i arat\u0103 dragostea pentru el.<\/p>\n<div class=\"wp-caption alignright\" id=\"attachment_8847\" style=\"width: 310px;\"><a href=\"http:\/\/marsulpentruviata.md\/wp-content\/uploads\/2014\/04\/D8S_1461_resize.jpg\"><img loading=\"lazy\" decoding=\"async\" class=\"size-medium wp-image-8847\" alt=\"D8S_1461_resize\" src=\"http:\/\/marsulpentruviata.md\/wp-content\/uploads\/2014\/04\/D8S_1461_resize-300x200.jpg\" width=\"300\" height=\"200\" \/><\/a><\/p>\n<p class=\"wp-caption-text\">Vizit\u0103 la centrul AITA (Asocia\u0163ia pentru interven\u0163ia terapeutic\u0103 \u00een autism), 2013<\/p>\n<\/div>\n<p>La centrul AITA \u2013 Asocia\u0163ia pentru interven\u0163ia terapeutic\u0103 \u00een autism, 2013<\/p>\n<p dir=\"ltr\" style=\"text-align: justify;\">Este \u0219i o jertf\u0103 aici, a sentimentului matern. S\u0103 nu ne gr\u0103bim s\u0103 judec\u0103m c\u0103 este obligatoriu vorba despre iresponsabilitate. Din contr\u0103, poate fi o vorba chiar de o mare responsabilizare a mamei. Nu se va ru\u0219ina de alegerea ei, c\u0103ci va avea con\u0219tiin\u021ba clar\u0103 c\u0103 a pus \u00een centru pe copil, c\u0103 interesul acestuia a fost cel mai important element \u00een decizia ei. Adesea, peste ani, ace\u0219ti copii vin \u0219i mul\u021bumesc mamei c\u0103 a ales via\u021ba lor. C\u00e2t\u0103 bucurie este atunci \u00een sufletul mamei! \u0218i confirmarea deplin\u0103 c\u0103 a ales bine. Pentru c\u0103 a ales calea dragostei, a facerii de bine pentru copil.<\/p>\n<p dir=\"ltr\" style=\"text-align: justify;\"><strong>Rep: Dori\u0163i s\u0103 juca\u0163i \u00eentr-un film cu mesaj pro-via\u0163\u0103, precum Bella?<\/strong><\/p>\n<p dir=\"ltr\" style=\"text-align: justify;\"><strong>Ioana Pico\u015f<\/strong>: Mi-ar face o deosebit\u0103 pl\u0103cere.<\/p>\n<p dir=\"ltr\" style=\"text-align: justify;\"><strong>Rep: Cum a\u0163i defini, cu un singur cuv\u00e2nt sau expresie, evenimentul Mar\u015ful pentru via\u0163\u0103 2014 \u2013 \u201eAdop\u0163ia, o alegere nobil\u0103\u201d?<\/strong><\/p>\n<p dir=\"ltr\" style=\"text-align: justify;\"><strong>Ioana Pico\u015f<\/strong>: Iubire.<\/p>\n<div class=\"wp-caption alignleft\" id=\"attachment_8845\" style=\"width: 349px;\"><a href=\"http:\/\/marsulpentruviata.md\/wp-content\/uploads\/2014\/04\/Tough-Morning-Making-of_resize.jpg\"><img loading=\"lazy\" decoding=\"async\" class=\"size-medium wp-image-8845\" alt=\"Tough Morning - Making of_resize\" src=\"http:\/\/marsulpentruviata.md\/wp-content\/uploads\/2014\/04\/Tough-Morning-Making-of_resize-300x200.jpg\" width=\"339\" height=\"226\" \/><\/a><\/p>\n<p class=\"wp-caption-text\">Scurtmetrajul Tough Morning, 2012<\/p>\n<\/div>\n<p dir=\"ltr\" style=\"text-align: justify;\"><strong>Rep: Dac\u0103 ar trebui schimbat sloganul Mar\u015fului, cu ce a\u0163i \u00eenlocui perifraza \u201eo alegere nobil\u0103\u201d ?<\/strong><\/p>\n<p dir=\"ltr\" style=\"text-align: justify;\"><strong>Ioana Pico\u015f<\/strong>: \u201eO dovad\u0103 de iubire\u201d.<\/p>\n<p dir=\"ltr\" style=\"text-align: justify;\"><strong>Rep: Mai ave\u0163i ceva de transmis cititorilor saitului \u015etiri pentru via\u0163\u0103?<\/strong><\/p>\n<p style=\"text-align: justify;\"><strong>Ioana Pico\u015f<\/strong>: Le mul\u0163umesc pentru c\u0103 au fost al\u0103turi de Mar\u015ful pentru via\u0163\u0103, le mul\u0163umesc pentru c\u0103 zi de zi lucreaz\u0103 pentru a face binele \u00een diferite moduri \u015fi Dumnezeu s\u0103 \u00eei binecuv\u00e2nteze.<\/p>\n<p style=\"text-align: justify;\">\n<p style=\"text-align: justify;\">\n<p style=\"text-align: justify;\">Surs\u0103: <a href=\"http:\/\/stiripentruviata.ro\/de-la-sex-droguri-abuz-si-sinucidere-la-activism-pro-viata-cum-m-scapat-dumnezeu-de-intuneric\/\" target=\"_blank\">\u015etiri pentru via\u0163\u0103<\/a><\/p>\n<\/div>","protected":false},"excerpt":{"rendered":"<p>Pe Ioana Pico\u0219 o cunoa\u0219te\u021bi din modeling, film, teatru, muzic\u0103, manifesta\u021biile Uni\u021bi Salv\u0103m Ro\u0219ia Montan\u0103, campaniile \u00eempotriva exploat\u0103rii gazelor de \u0219ist prin fracturare hidraulic\u0103, evenimente de sus\u021binere a persoanelor cu autism \u0219i din multe alte campanii umanitare. Iar acum, la 28 de ani, a fost \u00a0purt\u0103torul de cuv\u00e2nt al Mar\u015fului pentru via\u0163\u0103 2014 \u2013 \u201eAdop\u0163ia, [&hellip;]<\/p>\n","protected":false},"author":2,"featured_media":981,"comment_status":"open","ping_status":"open","sticky":false,"template":"","format":"standard","meta":{"jetpack_post_was_ever_published":false,"_jetpack_newsletter_access":"","_jetpack_dont_email_post_to_subs":false,"_jetpack_newsletter_tier_id":0,"_jetpack_memberships_contains_paywalled_content":false,"_jetpack_memberships_contains_paid_content":false,"footnotes":""},"categories":[6],"tags":[35,62,68,102,120,147,231,250],"class_list":["post-979","post","type-post","status-publish","format-standard","has-post-thumbnail","hentry","category-editia-2014","tag-avort","tag-clip-muzical","tag-concert","tag-familie","tag-ioana-picos","tag-marsul-pentru-viata-2014","tag-solidaritate","tag-valori-crestine"],"yoast_head":"<!-- This site is optimized with the Yoast SEO plugin v27.5 - https:\/\/yoast.com\/product\/yoast-seo-wordpress\/ -->\n<title>Ioana Pico\u015f: \u201eAdop\u0163ia este un act de iubire\u201d - Mar\u0219ul pentru via\u021b\u0103<\/title>\n<meta name=\"robots\" content=\"index, follow, max-snippet:-1, max-image-preview:large, max-video-preview:-1\" \/>\n<link rel=\"canonical\" href=\"http:\/\/www.marsulpentruviata.md\/en\/ioana-picos-adoptia-este-un-act-de-iubire\/\" \/>\n<meta property=\"og:locale\" content=\"en_US\" \/>\n<meta property=\"og:type\" content=\"article\" \/>\n<meta property=\"og:title\" content=\"Ioana Pico\u015f: \u201eAdop\u0163ia este un act de iubire\u201d - Mar\u0219ul pentru via\u021b\u0103\" \/>\n<meta property=\"og:description\" content=\"Pe Ioana Pico\u0219 o cunoa\u0219te\u021bi din modeling, film, teatru, muzic\u0103, manifesta\u021biile Uni\u021bi Salv\u0103m Ro\u0219ia Montan\u0103, campaniile \u00eempotriva exploat\u0103rii gazelor de \u0219ist prin fracturare hidraulic\u0103, evenimente de sus\u021binere a persoanelor cu autism \u0219i din multe alte campanii umanitare. Iar acum, la 28 de ani, a fost \u00a0purt\u0103torul de cuv\u00e2nt al Mar\u015fului pentru via\u0163\u0103 2014 \u2013 \u201eAdop\u0163ia, [&hellip;]\" \/>\n<meta property=\"og:url\" content=\"http:\/\/www.marsulpentruviata.md\/en\/ioana-picos-adoptia-este-un-act-de-iubire\/\" \/>\n<meta property=\"og:site_name\" content=\"Mar\u0219ul pentru via\u021b\u0103\" \/>\n<meta property=\"article:published_time\" content=\"2014-04-02T07:59:06+00:00\" \/>\n<meta property=\"article:modified_time\" content=\"2016-03-19T20:40:43+00:00\" \/>\n<meta name=\"author\" content=\"mpv2016\" \/>\n<meta name=\"twitter:card\" content=\"summary_large_image\" \/>\n<meta name=\"twitter:label1\" content=\"Written by\" \/>\n\t<meta name=\"twitter:data1\" content=\"mpv2016\" \/>\n\t<meta name=\"twitter:label2\" content=\"Est. reading time\" \/>\n\t<meta name=\"twitter:data2\" content=\"9 minutes\" \/>\n<script type=\"application\/ld+json\" class=\"yoast-schema-graph\">{\"@context\":\"https:\\\/\\\/schema.org\",\"@graph\":[{\"@type\":\"Article\",\"@id\":\"http:\\\/\\\/www.marsulpentruviata.md\\\/en\\\/ioana-picos-adoptia-este-un-act-de-iubire\\\/#article\",\"isPartOf\":{\"@id\":\"http:\\\/\\\/www.marsulpentruviata.md\\\/en\\\/ioana-picos-adoptia-este-un-act-de-iubire\\\/\"},\"author\":{\"name\":\"mpv2016\",\"@id\":\"http:\\\/\\\/www.marsulpentruviata.md\\\/#\\\/schema\\\/person\\\/6b5d53acdff44eda0df653103ffb92a3\"},\"headline\":\"Ioana Pico\u015f: \u201eAdop\u0163ia este un act de iubire\u201d\",\"datePublished\":\"2014-04-02T07:59:06+00:00\",\"dateModified\":\"2016-03-19T20:40:43+00:00\",\"mainEntityOfPage\":{\"@id\":\"http:\\\/\\\/www.marsulpentruviata.md\\\/en\\\/ioana-picos-adoptia-este-un-act-de-iubire\\\/\"},\"wordCount\":1786,\"commentCount\":0,\"image\":{\"@id\":\"http:\\\/\\\/www.marsulpentruviata.md\\\/en\\\/ioana-picos-adoptia-este-un-act-de-iubire\\\/#primaryimage\"},\"thumbnailUrl\":\"\",\"keywords\":[\"avort\",\"clip muzical\",\"concert\",\"familie\",\"Ioana Pico\u0219\",\"Mar\u0219ul pentru via\u021b\u0103 2014\",\"solidaritate\",\"valori cre\u015ftine\"],\"articleSection\":[\"Edi\u021bia 2014\"],\"inLanguage\":\"en-US\",\"potentialAction\":[{\"@type\":\"CommentAction\",\"name\":\"Comment\",\"target\":[\"http:\\\/\\\/www.marsulpentruviata.md\\\/en\\\/ioana-picos-adoptia-este-un-act-de-iubire\\\/#respond\"]}]},{\"@type\":\"WebPage\",\"@id\":\"http:\\\/\\\/www.marsulpentruviata.md\\\/en\\\/ioana-picos-adoptia-este-un-act-de-iubire\\\/\",\"url\":\"http:\\\/\\\/www.marsulpentruviata.md\\\/en\\\/ioana-picos-adoptia-este-un-act-de-iubire\\\/\",\"name\":\"Ioana Pico\u015f: \u201eAdop\u0163ia este un act de iubire\u201d - Mar\u0219ul pentru via\u021b\u0103\",\"isPartOf\":{\"@id\":\"http:\\\/\\\/www.marsulpentruviata.md\\\/#website\"},\"primaryImageOfPage\":{\"@id\":\"http:\\\/\\\/www.marsulpentruviata.md\\\/en\\\/ioana-picos-adoptia-este-un-act-de-iubire\\\/#primaryimage\"},\"image\":{\"@id\":\"http:\\\/\\\/www.marsulpentruviata.md\\\/en\\\/ioana-picos-adoptia-este-un-act-de-iubire\\\/#primaryimage\"},\"thumbnailUrl\":\"\",\"datePublished\":\"2014-04-02T07:59:06+00:00\",\"dateModified\":\"2016-03-19T20:40:43+00:00\",\"author\":{\"@id\":\"http:\\\/\\\/www.marsulpentruviata.md\\\/#\\\/schema\\\/person\\\/6b5d53acdff44eda0df653103ffb92a3\"},\"breadcrumb\":{\"@id\":\"http:\\\/\\\/www.marsulpentruviata.md\\\/en\\\/ioana-picos-adoptia-este-un-act-de-iubire\\\/#breadcrumb\"},\"inLanguage\":\"en-US\",\"potentialAction\":[{\"@type\":\"ReadAction\",\"target\":[\"http:\\\/\\\/www.marsulpentruviata.md\\\/en\\\/ioana-picos-adoptia-este-un-act-de-iubire\\\/\"]}]},{\"@type\":\"ImageObject\",\"inLanguage\":\"en-US\",\"@id\":\"http:\\\/\\\/www.marsulpentruviata.md\\\/en\\\/ioana-picos-adoptia-este-un-act-de-iubire\\\/#primaryimage\",\"url\":\"\",\"contentUrl\":\"\"},{\"@type\":\"BreadcrumbList\",\"@id\":\"http:\\\/\\\/www.marsulpentruviata.md\\\/en\\\/ioana-picos-adoptia-este-un-act-de-iubire\\\/#breadcrumb\",\"itemListElement\":[{\"@type\":\"ListItem\",\"position\":1,\"name\":\"Home\",\"item\":\"http:\\\/\\\/www.marsulpentruviata.md\\\/\"},{\"@type\":\"ListItem\",\"position\":2,\"name\":\"Ioana Pico\u015f: \u201eAdop\u0163ia este un act de iubire\u201d\"}]},{\"@type\":\"WebSite\",\"@id\":\"http:\\\/\\\/www.marsulpentruviata.md\\\/#website\",\"url\":\"http:\\\/\\\/www.marsulpentruviata.md\\\/\",\"name\":\"Mar\u0219ul pentru via\u021b\u0103\",\"description\":\"O lume pentru via\u021b\u0103\",\"potentialAction\":[{\"@type\":\"SearchAction\",\"target\":{\"@type\":\"EntryPoint\",\"urlTemplate\":\"http:\\\/\\\/www.marsulpentruviata.md\\\/?s={search_term_string}\"},\"query-input\":{\"@type\":\"PropertyValueSpecification\",\"valueRequired\":true,\"valueName\":\"search_term_string\"}}],\"inLanguage\":\"en-US\"},{\"@type\":\"Person\",\"@id\":\"http:\\\/\\\/www.marsulpentruviata.md\\\/#\\\/schema\\\/person\\\/6b5d53acdff44eda0df653103ffb92a3\",\"name\":\"mpv2016\",\"image\":{\"@type\":\"ImageObject\",\"inLanguage\":\"en-US\",\"@id\":\"https:\\\/\\\/secure.gravatar.com\\\/avatar\\\/05f26a2ac98bca797e21ea554e44f19c84dabe9ea4f44ba6de8d4c4ac1891d54?s=96&d=mm&r=g\",\"url\":\"https:\\\/\\\/secure.gravatar.com\\\/avatar\\\/05f26a2ac98bca797e21ea554e44f19c84dabe9ea4f44ba6de8d4c4ac1891d54?s=96&d=mm&r=g\",\"contentUrl\":\"https:\\\/\\\/secure.gravatar.com\\\/avatar\\\/05f26a2ac98bca797e21ea554e44f19c84dabe9ea4f44ba6de8d4c4ac1891d54?s=96&d=mm&r=g\",\"caption\":\"mpv2016\"},\"url\":\"http:\\\/\\\/www.marsulpentruviata.md\\\/en\\\/author\\\/mpv2016\\\/\"}]}<\/script>\n<!-- \/ Yoast SEO plugin. -->","yoast_head_json":{"title":"Ioana Pico\u015f: \u201eAdop\u0163ia este un act de iubire\u201d - Mar\u0219ul pentru via\u021b\u0103","robots":{"index":"index","follow":"follow","max-snippet":"max-snippet:-1","max-image-preview":"max-image-preview:large","max-video-preview":"max-video-preview:-1"},"canonical":"http:\/\/www.marsulpentruviata.md\/en\/ioana-picos-adoptia-este-un-act-de-iubire\/","og_locale":"en_US","og_type":"article","og_title":"Ioana Pico\u015f: \u201eAdop\u0163ia este un act de iubire\u201d - Mar\u0219ul pentru via\u021b\u0103","og_description":"Pe Ioana Pico\u0219 o cunoa\u0219te\u021bi din modeling, film, teatru, muzic\u0103, manifesta\u021biile Uni\u021bi Salv\u0103m Ro\u0219ia Montan\u0103, campaniile \u00eempotriva exploat\u0103rii gazelor de \u0219ist prin fracturare hidraulic\u0103, evenimente de sus\u021binere a persoanelor cu autism \u0219i din multe alte campanii umanitare. Iar acum, la 28 de ani, a fost \u00a0purt\u0103torul de cuv\u00e2nt al Mar\u015fului pentru via\u0163\u0103 2014 \u2013 \u201eAdop\u0163ia, [&hellip;]","og_url":"http:\/\/www.marsulpentruviata.md\/en\/ioana-picos-adoptia-este-un-act-de-iubire\/","og_site_name":"Mar\u0219ul pentru via\u021b\u0103","article_published_time":"2014-04-02T07:59:06+00:00","article_modified_time":"2016-03-19T20:40:43+00:00","author":"mpv2016","twitter_card":"summary_large_image","twitter_misc":{"Written by":"mpv2016","Est. reading time":"9 minutes"},"schema":{"@context":"https:\/\/schema.org","@graph":[{"@type":"Article","@id":"http:\/\/www.marsulpentruviata.md\/en\/ioana-picos-adoptia-este-un-act-de-iubire\/#article","isPartOf":{"@id":"http:\/\/www.marsulpentruviata.md\/en\/ioana-picos-adoptia-este-un-act-de-iubire\/"},"author":{"name":"mpv2016","@id":"http:\/\/www.marsulpentruviata.md\/#\/schema\/person\/6b5d53acdff44eda0df653103ffb92a3"},"headline":"Ioana Pico\u015f: \u201eAdop\u0163ia este un act de iubire\u201d","datePublished":"2014-04-02T07:59:06+00:00","dateModified":"2016-03-19T20:40:43+00:00","mainEntityOfPage":{"@id":"http:\/\/www.marsulpentruviata.md\/en\/ioana-picos-adoptia-este-un-act-de-iubire\/"},"wordCount":1786,"commentCount":0,"image":{"@id":"http:\/\/www.marsulpentruviata.md\/en\/ioana-picos-adoptia-este-un-act-de-iubire\/#primaryimage"},"thumbnailUrl":"","keywords":["avort","clip muzical","concert","familie","Ioana Pico\u0219","Mar\u0219ul pentru via\u021b\u0103 2014","solidaritate","valori cre\u015ftine"],"articleSection":["Edi\u021bia 2014"],"inLanguage":"en-US","potentialAction":[{"@type":"CommentAction","name":"Comment","target":["http:\/\/www.marsulpentruviata.md\/en\/ioana-picos-adoptia-este-un-act-de-iubire\/#respond"]}]},{"@type":"WebPage","@id":"http:\/\/www.marsulpentruviata.md\/en\/ioana-picos-adoptia-este-un-act-de-iubire\/","url":"http:\/\/www.marsulpentruviata.md\/en\/ioana-picos-adoptia-este-un-act-de-iubire\/","name":"Ioana Pico\u015f: \u201eAdop\u0163ia este un act de iubire\u201d - Mar\u0219ul pentru via\u021b\u0103","isPartOf":{"@id":"http:\/\/www.marsulpentruviata.md\/#website"},"primaryImageOfPage":{"@id":"http:\/\/www.marsulpentruviata.md\/en\/ioana-picos-adoptia-este-un-act-de-iubire\/#primaryimage"},"image":{"@id":"http:\/\/www.marsulpentruviata.md\/en\/ioana-picos-adoptia-este-un-act-de-iubire\/#primaryimage"},"thumbnailUrl":"","datePublished":"2014-04-02T07:59:06+00:00","dateModified":"2016-03-19T20:40:43+00:00","author":{"@id":"http:\/\/www.marsulpentruviata.md\/#\/schema\/person\/6b5d53acdff44eda0df653103ffb92a3"},"breadcrumb":{"@id":"http:\/\/www.marsulpentruviata.md\/en\/ioana-picos-adoptia-este-un-act-de-iubire\/#breadcrumb"},"inLanguage":"en-US","potentialAction":[{"@type":"ReadAction","target":["http:\/\/www.marsulpentruviata.md\/en\/ioana-picos-adoptia-este-un-act-de-iubire\/"]}]},{"@type":"ImageObject","inLanguage":"en-US","@id":"http:\/\/www.marsulpentruviata.md\/en\/ioana-picos-adoptia-este-un-act-de-iubire\/#primaryimage","url":"","contentUrl":""},{"@type":"BreadcrumbList","@id":"http:\/\/www.marsulpentruviata.md\/en\/ioana-picos-adoptia-este-un-act-de-iubire\/#breadcrumb","itemListElement":[{"@type":"ListItem","position":1,"name":"Home","item":"http:\/\/www.marsulpentruviata.md\/"},{"@type":"ListItem","position":2,"name":"Ioana Pico\u015f: \u201eAdop\u0163ia este un act de iubire\u201d"}]},{"@type":"WebSite","@id":"http:\/\/www.marsulpentruviata.md\/#website","url":"http:\/\/www.marsulpentruviata.md\/","name":"March for Life","description":"O lume pentru via\u021b\u0103","potentialAction":[{"@type":"SearchAction","target":{"@type":"EntryPoint","urlTemplate":"http:\/\/www.marsulpentruviata.md\/?s={search_term_string}"},"query-input":{"@type":"PropertyValueSpecification","valueRequired":true,"valueName":"search_term_string"}}],"inLanguage":"en-US"},{"@type":"Person","@id":"http:\/\/www.marsulpentruviata.md\/#\/schema\/person\/6b5d53acdff44eda0df653103ffb92a3","name":"mpv2016","image":{"@type":"ImageObject","inLanguage":"en-US","@id":"https:\/\/secure.gravatar.com\/avatar\/05f26a2ac98bca797e21ea554e44f19c84dabe9ea4f44ba6de8d4c4ac1891d54?s=96&d=mm&r=g","url":"https:\/\/secure.gravatar.com\/avatar\/05f26a2ac98bca797e21ea554e44f19c84dabe9ea4f44ba6de8d4c4ac1891d54?s=96&d=mm&r=g","contentUrl":"https:\/\/secure.gravatar.com\/avatar\/05f26a2ac98bca797e21ea554e44f19c84dabe9ea4f44ba6de8d4c4ac1891d54?s=96&d=mm&r=g","caption":"mpv2016"},"url":"http:\/\/www.marsulpentruviata.md\/en\/author\/mpv2016\/"}]}},"jetpack_featured_media_url":"","jetpack_sharing_enabled":true,"jetpack_shortlink":"https:\/\/wp.me\/p7mnA9-fN","_links":{"self":[{"href":"http:\/\/www.marsulpentruviata.md\/en\/wp-json\/wp\/v2\/posts\/979","targetHints":{"allow":["GET"]}}],"collection":[{"href":"http:\/\/www.marsulpentruviata.md\/en\/wp-json\/wp\/v2\/posts"}],"about":[{"href":"http:\/\/www.marsulpentruviata.md\/en\/wp-json\/wp\/v2\/types\/post"}],"author":[{"embeddable":true,"href":"http:\/\/www.marsulpentruviata.md\/en\/wp-json\/wp\/v2\/users\/2"}],"replies":[{"embeddable":true,"href":"http:\/\/www.marsulpentruviata.md\/en\/wp-json\/wp\/v2\/comments?post=979"}],"version-history":[{"count":1,"href":"http:\/\/www.marsulpentruviata.md\/en\/wp-json\/wp\/v2\/posts\/979\/revisions"}],"predecessor-version":[{"id":1894,"href":"http:\/\/www.marsulpentruviata.md\/en\/wp-json\/wp\/v2\/posts\/979\/revisions\/1894"}],"wp:featuredmedia":[{"embeddable":true,"href":"http:\/\/www.marsulpentruviata.md\/en\/wp-json\/"}],"wp:attachment":[{"href":"http:\/\/www.marsulpentruviata.md\/en\/wp-json\/wp\/v2\/media?parent=979"}],"wp:term":[{"taxonomy":"category","embeddable":true,"href":"http:\/\/www.marsulpentruviata.md\/en\/wp-json\/wp\/v2\/categories?post=979"},{"taxonomy":"post_tag","embeddable":true,"href":"http:\/\/www.marsulpentruviata.md\/en\/wp-json\/wp\/v2\/tags?post=979"}],"curies":[{"name":"wp","href":"https:\/\/api.w.org\/{rel}","templated":true}]}}