{"id":2151,"date":"2016-03-22T19:28:57","date_gmt":"2016-03-22T19:28:57","guid":{"rendered":"http:\/\/marsulpentruviata.md\/?p=2151"},"modified":"2021-03-29T18:44:43","modified_gmt":"2021-03-29T15:44:43","slug":"comunicat-de-presa-marsul-pentru-viata-2016-pentru-viata-pentru-femeie-pentru-familie","status":"publish","type":"post","link":"https:\/\/www.marsulpentruviata.md\/en\/comunicat-de-presa-marsul-pentru-viata-2016-pentru-viata-pentru-femeie-pentru-familie\/","title":{"rendered":"Comunicat de pres\u0103 &#8211; Mar\u0219ul pentru via\u021b\u0103 2016: Pentru via\u021b\u0103, pentru femeie, pentru familie"},"content":{"rendered":"<h2 style=\"text-align: center;\"><img loading=\"lazy\" decoding=\"async\" data-attachment-id=\"2150\" data-permalink=\"https:\/\/www.marsulpentruviata.md\/en\/comunicat-de-presa-marsul-pentru-viata-2016-pentru-viata-pentru-femeie-pentru-familie\/afis-imag\/\" data-orig-file=\"https:\/\/www.marsulpentruviata.md\/wp-content\/uploads\/2016\/03\/Afis-imag..jpg\" data-orig-size=\"613,859\" data-comments-opened=\"1\" data-image-meta=\"{&quot;aperture&quot;:&quot;0&quot;,&quot;credit&quot;:&quot;&quot;,&quot;camera&quot;:&quot;&quot;,&quot;caption&quot;:&quot;&quot;,&quot;created_timestamp&quot;:&quot;0&quot;,&quot;copyright&quot;:&quot;&quot;,&quot;focal_length&quot;:&quot;0&quot;,&quot;iso&quot;:&quot;0&quot;,&quot;shutter_speed&quot;:&quot;0&quot;,&quot;title&quot;:&quot;&quot;,&quot;orientation&quot;:&quot;0&quot;}\" data-image-title=\"Afis imag.\" data-image-description=\"\" data-image-caption=\"\" data-large-file=\"https:\/\/www.marsulpentruviata.md\/wp-content\/uploads\/2016\/03\/Afis-imag..jpg\" class=\"alignnone size-full wp-image-2150\" src=\"http:\/\/marsulpentruviata.md\/wp-content\/uploads\/2016\/03\/Afis-imag..jpg\" alt=\"Afis imag.\" width=\"613\" height=\"859\" srcset=\"https:\/\/www.marsulpentruviata.md\/wp-content\/uploads\/2016\/03\/Afis-imag..jpg 613w, https:\/\/www.marsulpentruviata.md\/wp-content\/uploads\/2016\/03\/Afis-imag.-214x300.jpg 214w, https:\/\/www.marsulpentruviata.md\/wp-content\/uploads\/2016\/03\/Afis-imag.-150x210.jpg 150w\" sizes=\"auto, (max-width: 613px) 100vw, 613px\" \/><\/h2>\n<h2 style=\"text-align: center;\"><strong>March for Life<\/strong> <strong>2016 \u2013 Pentru via\u021b\u0103, pentru femeie, pentru familie<\/strong><\/h2>\n<p style=\"text-align: center;\">\u2013 comunicatul poate fi desc\u0103rcat \u00een <a title=\"Comunicat de pres\u0103 - Mar\u0219ul pentru via\u021b\u0103 2016\" href=\"http:\/\/marsulpentruviata.md\/wp-content\/uploads\/2016\/03\/Comunicat-de-presa-MPV-2016-.pdf\">format pdf<\/a> \u0219i \u00een <a title=\"Comunicat de pres\u0103 - Mar\u0219ul pentru via\u021b\u0103 2016\" href=\"http:\/\/marsulpentruviata.md\/wp-content\/uploads\/2016\/03\/Comunicat-de-presa-MPV-2016-.doc\">format doc<\/a>&nbsp;\u2013<\/p>\n<p>\u00cen perioada 1\u201331 martie, \u00een Republica Moldova are loc <strong>Luna pentru via\u021b\u0103 2016 \u2013 Pentru via\u021b\u0103, pentru femeie, pentru familie<\/strong>, av\u00e2nd ca punct culminant <strong>March for Life<\/strong> <strong>2016 organizat s\u00e2mb\u0103t\u0103<\/strong>, <strong>26 martie a.c.<\/strong><\/p>\n<p>&nbsp;<\/p>\n<p>Mesajul pe care dorim s\u0103 \u00eel transmitem prin tema acestui an, \u201e<strong>Pentru via\u021b\u0103, pentru femeie, pentru familie\u201d<\/strong>, este c\u0103 binele femeii \u00eens\u0103rcinate nu este opus binelui copilului pe care \u00eel poart\u0103, ci ele se construiesc unul pe altul, \u0219i c\u0103 familia \u0219i societatea au de c\u00e2\u0219tigat dac\u0103 sprijin\u0103 femeile \u00een perioada de sarcin\u0103, \u00een general, \u0219i femeile aflate \u00een criz\u0103 de sarcin\u0103, \u00een particular.<\/p>\n<p>Cu prilejul acestor evenimente, \u0163inem s\u0103 atragem aten\u0163ia c\u0103, conform Biroului Na\u021bional de Statistic\u0103, \u00een anul 2012 au fost \u00eenregistrate 37 de avorturi la 100 de copii nou-n\u0103scu\u021bi. \u00cen aceste condi\u021bii, Republica Moldova este printre \u021b\u0103rile cu cea mai mare rat\u0103 a avorturilor din lume, de 3 ori mai mare dec\u00e2t a unor \u021b\u0103ri precum Austria, Belgia, Germania, Fran\u021ba, Olanda, Elve\u021bia, de 2 ori mai mare dec\u00e2t a unor \u021b\u0103ri precum Albania, Serbia, Spania, Croa\u021bia, Bosnia. \u00cen aceste condi\u021bii, nu este de mirare c\u0103 anual este \u00eenregistrat un spor negativ al popula\u021biei, \u00eenso\u021bit de un proces rapid de \u00eemb\u0103tr\u00e2nire \u0219i sc\u0103derea popula\u021biei apte de munc\u0103.<\/p>\n<p>\u00cen Republica Moldova, a c\u0103rei popula\u021bie actual\u0103 este de circa 3.600.000 de locuitori, statisticile arat\u0103 c\u0103 din 1960 p\u00e2n\u0103 \u00een 2014 au fost \u00eenregistrate 2.098.099 de avorturi. \u00cen realitate num\u0103rul acestora este probabil de 2-3 ori mai mare \u2013 de exemplu, s\u0103 nu uit\u0103m \u0219i de femeile migrante, aflate \u00een str\u0103in\u0103tate, ale c\u0103ror avorturi nu sunt \u00eenregistrate \u00een \u021bar\u0103. Chiar \u0219i lu\u00e2nd \u00een considerare doar num\u0103rul avorturilor \u00eenregistrate \u00een spitalele din \u021bar\u0103, Moldova se afl\u0103 pe locul 11 \u00een lume \u00een privin\u021ba raportului num\u0103r de avorturi \/ popula\u021bia \u021b\u0103rii, cu un procent de 51,6%<\/p>\n<p>&nbsp;<\/p>\n<p><strong>March for Life<\/strong>, <strong>Luna pentru via\u021b\u0103<\/strong>, atitudinea \u0219i faptele pentru via\u021b\u0103 nu \u00eenseamn\u0103 condamnarea celor care au f\u0103cut avort, ci o m\u00e2n\u0103 \u00eentins\u0103 cu dragoste \u0219i durere. Nu \u00eenseamn\u0103 judecarea ta\u021bilor \u0219i mamelor care, speria\u021bi de lipsa siguran\u021bei, vor alege s\u0103 mearg\u0103 \u00eenainte f\u0103r\u0103 copilul care li se pare c\u0103 le \u00eencurc\u0103 via\u021ba sau a c\u0103rui via\u021b\u0103 li se pare c\u0103 nu o pot asigura \u00een condi\u021bii optime.<\/p>\n<p>Pentru a proteja via\u021ba copiilor nen\u0103scu\u021bi, vie\u021bile p\u0103rin\u021bilor \u0219i viitorul societ\u0103\u021bii este necesar\u0103 nu doar o atitudine pro-via\u021b\u0103, ci \u0219i o practic\u0103 pro-via\u021b\u0103. A fi \u00eempotriva avortului f\u0103r\u0103 a oferi \u00eentregul sprijin de care o femeie are nevoie pentru a na\u0219te copilul este fariseic \u0219i ineficient. Cui \u00eei pas\u0103 de copil \u00eei pas\u0103 \u0219i de mam\u0103 \u0219i face tot ce este nevoie pentru a o ajuta.<\/p>\n<p>Mar\u0219ul pentru via\u021b\u0103 este <strong>apolitic<\/strong> \u0219i <strong>neconfesional<\/strong>, dar este deschis particip\u0103rii tuturor confesiunilor religioase \u0219i forma\u021biunilor politice. \u00cen localit\u0103\u021bile unde nu se reu\u0219e\u0219te organizarea mar\u0219ului, pot avea loc manifest\u0103ri pro-via\u021b\u0103 \u00een Luna pentru via\u021b\u0103. Prin astfel de manifest\u0103ri se pot solidariza cu evenimentul din Republica Moldova \u0219i cet\u0103\u021benii pleca\u021bi \u00een diaspora. Pe site-ul <a href=\"http:\/\/www.marsulpentruviata.md\/en\/\">www.marsulpentruviata.md<\/a> vor fi accesibile informa\u021biile de la organizatorii locali. P\u00e2n\u0103 \u00een prezent sunt anun\u021ba\u021bi organizatori \u00een peste 20 de localit\u0103\u021bi.<\/p>\n<p>\u00cen Chi\u0219in\u0103u, Mar\u0219ul <strong>va \u00eencepe la ora 12.00<\/strong> \u0219i se va desf\u0103\u0219ura pe traseul <strong>IMSP Spitalul Clinic Municipal nr. 1<\/strong> (str. Melestiu, 20) \u2013 <strong>Viaduct \u2013 str. Ciuflea \u2013 bd. \u0218tefan cel Mare <\/strong><strong>\u0219i Sf<\/strong><strong>\u00e2nt<\/strong><strong> \u2013 Scuarul Catedralei.<\/strong><\/p>\n<p>La finalul ac\u021biunii, \u00een<strong> Scuarul Catedralei<\/strong>, <strong>\u00een jurul orei 13.30<\/strong>, va fi organizat un concert caritabil <strong>Live for Life<\/strong>, cu <strong>acces liber<\/strong>. Particip\u0103: <strong>Ion Razza <\/strong>\u0219i <strong>Martin Budurin<\/strong>, <strong>membrii<\/strong> <strong>forma\u021biei \u201eCatharsis\u201d<\/strong>, <strong>Aura<\/strong>, <strong>Olia Tira<\/strong>, <strong>Georgeta Voinovan<\/strong>, <strong>Cezara<\/strong> \u0219i al\u021bii.<\/p>\n<p>\u00cen Chi\u0219in\u0103u, Mar\u0219ul \u0219i concertul sunt realizate cu ajutorul oamenilor frumo\u0219i la suflet \u0219i cu inim\u0103 mare de la companiile <strong>Berlizzo Events<\/strong>, <strong>Fain<\/strong><strong>\u0103 Lumin\u0103<\/strong>, <strong>Colors Avertising Agency<\/strong> \u0219i <strong>Ciofilm<\/strong>, c\u0103rora le mul\u021bumim \u0219i pe aceast\u0103 cale.<\/p>\n<p>Manifesta\u021biile Mar\u0219ul pentru via\u021b\u0103 din Republica Moldova au loc \u00een cadrul campaniilor interna\u021bionale anuale de promovare a culturii vie\u021bii <strong>March for life<\/strong>, organizate \u00een Statele Unite ale Americii, Fran\u021ba, Polonia, Rom\u00e2nia, Irlanda, Elve\u021bia, Belgia, Slovacia \u0219i \u00een altele \u021b\u0103ri.<\/p>\n<p>V\u0103 a\u0219tept\u0103m <strong>s\u00e2mb\u0103t\u0103,<\/strong> <strong>26 martie<\/strong>, ora <strong>12.00<\/strong>, la <strong>Spitalul Clinic Municipal nr. 1<\/strong> s\u0103 particip\u0103m \u00eempreun\u0103 la Mar\u0219ul bucuriei pentru via\u021b\u0103!<\/p>\n<p>&nbsp;<\/p>\n<p>Av\u00e2nd \u00een vedere cele de mai sus, V\u0103 rug\u0103m s\u0103 mediatiza\u021bi evenimentele <strong>Luna pentru via\u021b\u0103 2016<\/strong> \u0219i <strong>Mar\u0219ul pentru via\u021b\u0103 2016 \u2013 Pentru via\u021b\u0103, pentru femeie, pentru familie, <\/strong>spre folosul copiilor, al femeilor, al familiilor \u0219i al \u00eentregii societ\u0103\u021bi.<\/p>\n<p>&nbsp;<\/p>\n<p>&nbsp;<\/p>\n<p>Nadejda Usat\u00eei,<\/p>\n<p>Pre\u0219edinte al Asocia\u021biei \u201eMoldova pentru via\u021b\u0103\u201d<\/p>\n<p>Telefon: (+373) 79430077<\/p>","protected":false},"excerpt":{"rendered":"<p>Mar\u0219ul pentru via\u021b\u0103 2016 \u2013 Pentru via\u021b\u0103, pentru femeie, pentru familie \u2013 comunicatul poate fi desc\u0103rcat \u00een format pdf \u0219i \u00een format doc&nbsp;\u2013 \u00cen perioada 1\u201331 martie, \u00een Republica Moldova are loc Luna pentru via\u021b\u0103 2016 \u2013 Pentru via\u021b\u0103, pentru femeie, pentru familie, av\u00e2nd ca punct culminant Mar\u0219ul pentru via\u021b\u0103 2016 organizat s\u00e2mb\u0103t\u0103, 26 martie [&hellip;]<\/p>\n","protected":false},"author":2,"featured_media":1794,"comment_status":"open","ping_status":"open","sticky":false,"template":"","format":"standard","meta":{"jetpack_post_was_ever_published":false,"_jetpack_newsletter_access":"","_jetpack_dont_email_post_to_subs":false,"_jetpack_newsletter_tier_id":0,"_jetpack_memberships_contains_paywalled_content":false,"_jetpack_memberships_contains_paid_content":false,"footnotes":""},"categories":[2,266],"tags":[265,66,131,264,162,186,187,188],"class_list":["post-2151","post","type-post","status-publish","format-standard","has-post-thumbnail","hentry","category-anunturi-comunicate","category-editia-2016","tag-chisinau","tag-comunicat-de-presa","tag-luna-pentru-viata","tag-mars","tag-moldova","tag-pentru-familie","tag-pentru-femeie","tag-pentru-viata"],"yoast_head":"<!-- This site is optimized with the Yoast SEO plugin v27.5 - https:\/\/yoast.com\/product\/yoast-seo-wordpress\/ -->\n<title>Comunicat de pres\u0103 - Mar\u0219ul pentru via\u021b\u0103 2016: Pentru via\u021b\u0103, pentru femeie, pentru familie - Mar\u0219ul pentru via\u021b\u0103<\/title>\n<meta name=\"robots\" content=\"index, follow, max-snippet:-1, max-image-preview:large, max-video-preview:-1\" \/>\n<link rel=\"canonical\" href=\"https:\/\/www.marsulpentruviata.md\/en\/comunicat-de-presa-marsul-pentru-viata-2016-pentru-viata-pentru-femeie-pentru-familie\/\" \/>\n<meta property=\"og:locale\" content=\"en_US\" \/>\n<meta property=\"og:type\" content=\"article\" \/>\n<meta property=\"og:title\" content=\"Comunicat de pres\u0103 - Mar\u0219ul pentru via\u021b\u0103 2016: Pentru via\u021b\u0103, pentru femeie, pentru familie - Mar\u0219ul pentru via\u021b\u0103\" \/>\n<meta property=\"og:description\" content=\"Mar\u0219ul pentru via\u021b\u0103 2016 \u2013 Pentru via\u021b\u0103, pentru femeie, pentru familie \u2013 comunicatul poate fi desc\u0103rcat \u00een format pdf \u0219i \u00een format doc&nbsp;\u2013 \u00cen perioada 1\u201331 martie, \u00een Republica Moldova are loc Luna pentru via\u021b\u0103 2016 \u2013 Pentru via\u021b\u0103, pentru femeie, pentru familie, av\u00e2nd ca punct culminant Mar\u0219ul pentru via\u021b\u0103 2016 organizat s\u00e2mb\u0103t\u0103, 26 martie [&hellip;]\" \/>\n<meta property=\"og:url\" content=\"https:\/\/www.marsulpentruviata.md\/en\/comunicat-de-presa-marsul-pentru-viata-2016-pentru-viata-pentru-femeie-pentru-familie\/\" \/>\n<meta property=\"og:site_name\" content=\"Mar\u0219ul pentru via\u021b\u0103\" \/>\n<meta property=\"article:published_time\" content=\"2016-03-22T19:28:57+00:00\" \/>\n<meta property=\"article:modified_time\" content=\"2021-03-29T15:44:43+00:00\" \/>\n<meta property=\"og:image\" content=\"https:\/\/www.marsulpentruviata.md\/wp-content\/uploads\/2016\/03\/marsul-pentru-viata-2016-logo.png\" \/>\n\t<meta property=\"og:image:width\" content=\"857\" \/>\n\t<meta property=\"og:image:height\" content=\"489\" \/>\n\t<meta property=\"og:image:type\" content=\"image\/png\" \/>\n<meta name=\"author\" content=\"mpv2016\" \/>\n<meta name=\"twitter:card\" content=\"summary_large_image\" \/>\n<meta name=\"twitter:label1\" content=\"Written by\" \/>\n\t<meta name=\"twitter:data1\" content=\"mpv2016\" \/>\n\t<meta name=\"twitter:label2\" content=\"Est. reading time\" \/>\n\t<meta name=\"twitter:data2\" content=\"4 minutes\" \/>\n<script type=\"application\/ld+json\" class=\"yoast-schema-graph\">{\"@context\":\"https:\\\/\\\/schema.org\",\"@graph\":[{\"@type\":\"Article\",\"@id\":\"https:\\\/\\\/www.marsulpentruviata.md\\\/en\\\/comunicat-de-presa-marsul-pentru-viata-2016-pentru-viata-pentru-femeie-pentru-familie\\\/#article\",\"isPartOf\":{\"@id\":\"https:\\\/\\\/www.marsulpentruviata.md\\\/en\\\/comunicat-de-presa-marsul-pentru-viata-2016-pentru-viata-pentru-femeie-pentru-familie\\\/\"},\"author\":{\"name\":\"mpv2016\",\"@id\":\"http:\\\/\\\/www.marsulpentruviata.md\\\/en\\\/#\\\/schema\\\/person\\\/6b5d53acdff44eda0df653103ffb92a3\"},\"headline\":\"Comunicat de pres\u0103 &#8211; Mar\u0219ul pentru via\u021b\u0103 2016: Pentru via\u021b\u0103, pentru femeie, pentru familie\",\"datePublished\":\"2016-03-22T19:28:57+00:00\",\"dateModified\":\"2021-03-29T15:44:43+00:00\",\"mainEntityOfPage\":{\"@id\":\"https:\\\/\\\/www.marsulpentruviata.md\\\/en\\\/comunicat-de-presa-marsul-pentru-viata-2016-pentru-viata-pentru-femeie-pentru-familie\\\/\"},\"wordCount\":842,\"commentCount\":0,\"image\":{\"@id\":\"https:\\\/\\\/www.marsulpentruviata.md\\\/en\\\/comunicat-de-presa-marsul-pentru-viata-2016-pentru-viata-pentru-femeie-pentru-familie\\\/#primaryimage\"},\"thumbnailUrl\":\"https:\\\/\\\/www.marsulpentruviata.md\\\/wp-content\\\/uploads\\\/2016\\\/03\\\/marsul-pentru-viata-2016-logo.png\",\"keywords\":[\"Chi\u0219in\u0103u\",\"comunicat de presa\",\"luna pentru viata\",\"mar\u0219\",\"Moldova\",\"pentru familie\",\"pentru femeie\",\"pentru viata\"],\"articleSection\":[\"Anun\u021buri\\\/Comunicate\",\"Edi\u021bia 2016\"],\"inLanguage\":\"en-US\",\"potentialAction\":[{\"@type\":\"CommentAction\",\"name\":\"Comment\",\"target\":[\"https:\\\/\\\/www.marsulpentruviata.md\\\/en\\\/comunicat-de-presa-marsul-pentru-viata-2016-pentru-viata-pentru-femeie-pentru-familie\\\/#respond\"]}]},{\"@type\":\"WebPage\",\"@id\":\"https:\\\/\\\/www.marsulpentruviata.md\\\/en\\\/comunicat-de-presa-marsul-pentru-viata-2016-pentru-viata-pentru-femeie-pentru-familie\\\/\",\"url\":\"https:\\\/\\\/www.marsulpentruviata.md\\\/en\\\/comunicat-de-presa-marsul-pentru-viata-2016-pentru-viata-pentru-femeie-pentru-familie\\\/\",\"name\":\"Comunicat de pres\u0103 - Mar\u0219ul pentru via\u021b\u0103 2016: Pentru via\u021b\u0103, pentru femeie, pentru familie - Mar\u0219ul pentru via\u021b\u0103\",\"isPartOf\":{\"@id\":\"http:\\\/\\\/www.marsulpentruviata.md\\\/en\\\/#website\"},\"primaryImageOfPage\":{\"@id\":\"https:\\\/\\\/www.marsulpentruviata.md\\\/en\\\/comunicat-de-presa-marsul-pentru-viata-2016-pentru-viata-pentru-femeie-pentru-familie\\\/#primaryimage\"},\"image\":{\"@id\":\"https:\\\/\\\/www.marsulpentruviata.md\\\/en\\\/comunicat-de-presa-marsul-pentru-viata-2016-pentru-viata-pentru-femeie-pentru-familie\\\/#primaryimage\"},\"thumbnailUrl\":\"https:\\\/\\\/www.marsulpentruviata.md\\\/wp-content\\\/uploads\\\/2016\\\/03\\\/marsul-pentru-viata-2016-logo.png\",\"datePublished\":\"2016-03-22T19:28:57+00:00\",\"dateModified\":\"2021-03-29T15:44:43+00:00\",\"author\":{\"@id\":\"http:\\\/\\\/www.marsulpentruviata.md\\\/en\\\/#\\\/schema\\\/person\\\/6b5d53acdff44eda0df653103ffb92a3\"},\"breadcrumb\":{\"@id\":\"https:\\\/\\\/www.marsulpentruviata.md\\\/en\\\/comunicat-de-presa-marsul-pentru-viata-2016-pentru-viata-pentru-femeie-pentru-familie\\\/#breadcrumb\"},\"inLanguage\":\"en-US\",\"potentialAction\":[{\"@type\":\"ReadAction\",\"target\":[\"https:\\\/\\\/www.marsulpentruviata.md\\\/en\\\/comunicat-de-presa-marsul-pentru-viata-2016-pentru-viata-pentru-femeie-pentru-familie\\\/\"]}]},{\"@type\":\"ImageObject\",\"inLanguage\":\"en-US\",\"@id\":\"https:\\\/\\\/www.marsulpentruviata.md\\\/en\\\/comunicat-de-presa-marsul-pentru-viata-2016-pentru-viata-pentru-femeie-pentru-familie\\\/#primaryimage\",\"url\":\"https:\\\/\\\/www.marsulpentruviata.md\\\/wp-content\\\/uploads\\\/2016\\\/03\\\/marsul-pentru-viata-2016-logo.png\",\"contentUrl\":\"https:\\\/\\\/www.marsulpentruviata.md\\\/wp-content\\\/uploads\\\/2016\\\/03\\\/marsul-pentru-viata-2016-logo.png\",\"width\":857,\"height\":489},{\"@type\":\"BreadcrumbList\",\"@id\":\"https:\\\/\\\/www.marsulpentruviata.md\\\/en\\\/comunicat-de-presa-marsul-pentru-viata-2016-pentru-viata-pentru-femeie-pentru-familie\\\/#breadcrumb\",\"itemListElement\":[{\"@type\":\"ListItem\",\"position\":1,\"name\":\"Home\",\"item\":\"http:\\\/\\\/www.marsulpentruviata.md\\\/en\\\/\"},{\"@type\":\"ListItem\",\"position\":2,\"name\":\"Comunicat de pres\u0103 &#8211; Mar\u0219ul pentru via\u021b\u0103 2016: Pentru via\u021b\u0103, pentru femeie, pentru familie\"}]},{\"@type\":\"WebSite\",\"@id\":\"http:\\\/\\\/www.marsulpentruviata.md\\\/en\\\/#website\",\"url\":\"http:\\\/\\\/www.marsulpentruviata.md\\\/en\\\/\",\"name\":\"Mar\u0219ul pentru via\u021b\u0103\",\"description\":\"O lume pentru via\u021b\u0103\",\"potentialAction\":[{\"@type\":\"SearchAction\",\"target\":{\"@type\":\"EntryPoint\",\"urlTemplate\":\"http:\\\/\\\/www.marsulpentruviata.md\\\/en\\\/?s={search_term_string}\"},\"query-input\":{\"@type\":\"PropertyValueSpecification\",\"valueRequired\":true,\"valueName\":\"search_term_string\"}}],\"inLanguage\":\"en-US\"},{\"@type\":\"Person\",\"@id\":\"http:\\\/\\\/www.marsulpentruviata.md\\\/en\\\/#\\\/schema\\\/person\\\/6b5d53acdff44eda0df653103ffb92a3\",\"name\":\"mpv2016\",\"image\":{\"@type\":\"ImageObject\",\"inLanguage\":\"en-US\",\"@id\":\"https:\\\/\\\/secure.gravatar.com\\\/avatar\\\/05f26a2ac98bca797e21ea554e44f19c84dabe9ea4f44ba6de8d4c4ac1891d54?s=96&d=mm&r=g\",\"url\":\"https:\\\/\\\/secure.gravatar.com\\\/avatar\\\/05f26a2ac98bca797e21ea554e44f19c84dabe9ea4f44ba6de8d4c4ac1891d54?s=96&d=mm&r=g\",\"contentUrl\":\"https:\\\/\\\/secure.gravatar.com\\\/avatar\\\/05f26a2ac98bca797e21ea554e44f19c84dabe9ea4f44ba6de8d4c4ac1891d54?s=96&d=mm&r=g\",\"caption\":\"mpv2016\"},\"url\":\"https:\\\/\\\/www.marsulpentruviata.md\\\/en\\\/author\\\/mpv2016\\\/\"}]}<\/script>\n<!-- \/ Yoast SEO plugin. -->","yoast_head_json":{"title":"Comunicat de pres\u0103 - Mar\u0219ul pentru via\u021b\u0103 2016: Pentru via\u021b\u0103, pentru femeie, pentru familie - Mar\u0219ul pentru via\u021b\u0103","robots":{"index":"index","follow":"follow","max-snippet":"max-snippet:-1","max-image-preview":"max-image-preview:large","max-video-preview":"max-video-preview:-1"},"canonical":"https:\/\/www.marsulpentruviata.md\/en\/comunicat-de-presa-marsul-pentru-viata-2016-pentru-viata-pentru-femeie-pentru-familie\/","og_locale":"en_US","og_type":"article","og_title":"Comunicat de pres\u0103 - Mar\u0219ul pentru via\u021b\u0103 2016: Pentru via\u021b\u0103, pentru femeie, pentru familie - Mar\u0219ul pentru via\u021b\u0103","og_description":"Mar\u0219ul pentru via\u021b\u0103 2016 \u2013 Pentru via\u021b\u0103, pentru femeie, pentru familie \u2013 comunicatul poate fi desc\u0103rcat \u00een format pdf \u0219i \u00een format doc&nbsp;\u2013 \u00cen perioada 1\u201331 martie, \u00een Republica Moldova are loc Luna pentru via\u021b\u0103 2016 \u2013 Pentru via\u021b\u0103, pentru femeie, pentru familie, av\u00e2nd ca punct culminant Mar\u0219ul pentru via\u021b\u0103 2016 organizat s\u00e2mb\u0103t\u0103, 26 martie [&hellip;]","og_url":"https:\/\/www.marsulpentruviata.md\/en\/comunicat-de-presa-marsul-pentru-viata-2016-pentru-viata-pentru-femeie-pentru-familie\/","og_site_name":"Mar\u0219ul pentru via\u021b\u0103","article_published_time":"2016-03-22T19:28:57+00:00","article_modified_time":"2021-03-29T15:44:43+00:00","og_image":[{"width":857,"height":489,"url":"https:\/\/www.marsulpentruviata.md\/wp-content\/uploads\/2016\/03\/marsul-pentru-viata-2016-logo.png","type":"image\/png"}],"author":"mpv2016","twitter_card":"summary_large_image","twitter_misc":{"Written by":"mpv2016","Est. reading time":"4 minutes"},"schema":{"@context":"https:\/\/schema.org","@graph":[{"@type":"Article","@id":"https:\/\/www.marsulpentruviata.md\/en\/comunicat-de-presa-marsul-pentru-viata-2016-pentru-viata-pentru-femeie-pentru-familie\/#article","isPartOf":{"@id":"https:\/\/www.marsulpentruviata.md\/en\/comunicat-de-presa-marsul-pentru-viata-2016-pentru-viata-pentru-femeie-pentru-familie\/"},"author":{"name":"mpv2016","@id":"http:\/\/www.marsulpentruviata.md\/en\/#\/schema\/person\/6b5d53acdff44eda0df653103ffb92a3"},"headline":"Comunicat de pres\u0103 &#8211; Mar\u0219ul pentru via\u021b\u0103 2016: Pentru via\u021b\u0103, pentru femeie, pentru familie","datePublished":"2016-03-22T19:28:57+00:00","dateModified":"2021-03-29T15:44:43+00:00","mainEntityOfPage":{"@id":"https:\/\/www.marsulpentruviata.md\/en\/comunicat-de-presa-marsul-pentru-viata-2016-pentru-viata-pentru-femeie-pentru-familie\/"},"wordCount":842,"commentCount":0,"image":{"@id":"https:\/\/www.marsulpentruviata.md\/en\/comunicat-de-presa-marsul-pentru-viata-2016-pentru-viata-pentru-femeie-pentru-familie\/#primaryimage"},"thumbnailUrl":"https:\/\/www.marsulpentruviata.md\/wp-content\/uploads\/2016\/03\/marsul-pentru-viata-2016-logo.png","keywords":["Chi\u0219in\u0103u","comunicat de presa","luna pentru viata","mar\u0219","Moldova","pentru familie","pentru femeie","pentru viata"],"articleSection":["Anun\u021buri\/Comunicate","Edi\u021bia 2016"],"inLanguage":"en-US","potentialAction":[{"@type":"CommentAction","name":"Comment","target":["https:\/\/www.marsulpentruviata.md\/en\/comunicat-de-presa-marsul-pentru-viata-2016-pentru-viata-pentru-femeie-pentru-familie\/#respond"]}]},{"@type":"WebPage","@id":"https:\/\/www.marsulpentruviata.md\/en\/comunicat-de-presa-marsul-pentru-viata-2016-pentru-viata-pentru-femeie-pentru-familie\/","url":"https:\/\/www.marsulpentruviata.md\/en\/comunicat-de-presa-marsul-pentru-viata-2016-pentru-viata-pentru-femeie-pentru-familie\/","name":"Comunicat de pres\u0103 - Mar\u0219ul pentru via\u021b\u0103 2016: Pentru via\u021b\u0103, pentru femeie, pentru familie - Mar\u0219ul pentru via\u021b\u0103","isPartOf":{"@id":"http:\/\/www.marsulpentruviata.md\/en\/#website"},"primaryImageOfPage":{"@id":"https:\/\/www.marsulpentruviata.md\/en\/comunicat-de-presa-marsul-pentru-viata-2016-pentru-viata-pentru-femeie-pentru-familie\/#primaryimage"},"image":{"@id":"https:\/\/www.marsulpentruviata.md\/en\/comunicat-de-presa-marsul-pentru-viata-2016-pentru-viata-pentru-femeie-pentru-familie\/#primaryimage"},"thumbnailUrl":"https:\/\/www.marsulpentruviata.md\/wp-content\/uploads\/2016\/03\/marsul-pentru-viata-2016-logo.png","datePublished":"2016-03-22T19:28:57+00:00","dateModified":"2021-03-29T15:44:43+00:00","author":{"@id":"http:\/\/www.marsulpentruviata.md\/en\/#\/schema\/person\/6b5d53acdff44eda0df653103ffb92a3"},"breadcrumb":{"@id":"https:\/\/www.marsulpentruviata.md\/en\/comunicat-de-presa-marsul-pentru-viata-2016-pentru-viata-pentru-femeie-pentru-familie\/#breadcrumb"},"inLanguage":"en-US","potentialAction":[{"@type":"ReadAction","target":["https:\/\/www.marsulpentruviata.md\/en\/comunicat-de-presa-marsul-pentru-viata-2016-pentru-viata-pentru-femeie-pentru-familie\/"]}]},{"@type":"ImageObject","inLanguage":"en-US","@id":"https:\/\/www.marsulpentruviata.md\/en\/comunicat-de-presa-marsul-pentru-viata-2016-pentru-viata-pentru-femeie-pentru-familie\/#primaryimage","url":"https:\/\/www.marsulpentruviata.md\/wp-content\/uploads\/2016\/03\/marsul-pentru-viata-2016-logo.png","contentUrl":"https:\/\/www.marsulpentruviata.md\/wp-content\/uploads\/2016\/03\/marsul-pentru-viata-2016-logo.png","width":857,"height":489},{"@type":"BreadcrumbList","@id":"https:\/\/www.marsulpentruviata.md\/en\/comunicat-de-presa-marsul-pentru-viata-2016-pentru-viata-pentru-femeie-pentru-familie\/#breadcrumb","itemListElement":[{"@type":"ListItem","position":1,"name":"Home","item":"http:\/\/www.marsulpentruviata.md\/en\/"},{"@type":"ListItem","position":2,"name":"Comunicat de pres\u0103 &#8211; Mar\u0219ul pentru via\u021b\u0103 2016: Pentru via\u021b\u0103, pentru femeie, pentru familie"}]},{"@type":"WebSite","@id":"http:\/\/www.marsulpentruviata.md\/en\/#website","url":"http:\/\/www.marsulpentruviata.md\/en\/","name":"March for Life","description":"O lume pentru via\u021b\u0103","potentialAction":[{"@type":"SearchAction","target":{"@type":"EntryPoint","urlTemplate":"http:\/\/www.marsulpentruviata.md\/en\/?s={search_term_string}"},"query-input":{"@type":"PropertyValueSpecification","valueRequired":true,"valueName":"search_term_string"}}],"inLanguage":"en-US"},{"@type":"Person","@id":"http:\/\/www.marsulpentruviata.md\/en\/#\/schema\/person\/6b5d53acdff44eda0df653103ffb92a3","name":"mpv2016","image":{"@type":"ImageObject","inLanguage":"en-US","@id":"https:\/\/secure.gravatar.com\/avatar\/05f26a2ac98bca797e21ea554e44f19c84dabe9ea4f44ba6de8d4c4ac1891d54?s=96&d=mm&r=g","url":"https:\/\/secure.gravatar.com\/avatar\/05f26a2ac98bca797e21ea554e44f19c84dabe9ea4f44ba6de8d4c4ac1891d54?s=96&d=mm&r=g","contentUrl":"https:\/\/secure.gravatar.com\/avatar\/05f26a2ac98bca797e21ea554e44f19c84dabe9ea4f44ba6de8d4c4ac1891d54?s=96&d=mm&r=g","caption":"mpv2016"},"url":"https:\/\/www.marsulpentruviata.md\/en\/author\/mpv2016\/"}]}},"jetpack_featured_media_url":"https:\/\/www.marsulpentruviata.md\/wp-content\/uploads\/2016\/03\/marsul-pentru-viata-2016-logo.png","jetpack_sharing_enabled":true,"jetpack_shortlink":"https:\/\/wp.me\/p7mnA9-yH","_links":{"self":[{"href":"https:\/\/www.marsulpentruviata.md\/en\/wp-json\/wp\/v2\/posts\/2151","targetHints":{"allow":["GET"]}}],"collection":[{"href":"https:\/\/www.marsulpentruviata.md\/en\/wp-json\/wp\/v2\/posts"}],"about":[{"href":"https:\/\/www.marsulpentruviata.md\/en\/wp-json\/wp\/v2\/types\/post"}],"author":[{"embeddable":true,"href":"https:\/\/www.marsulpentruviata.md\/en\/wp-json\/wp\/v2\/users\/2"}],"replies":[{"embeddable":true,"href":"https:\/\/www.marsulpentruviata.md\/en\/wp-json\/wp\/v2\/comments?post=2151"}],"version-history":[{"count":6,"href":"https:\/\/www.marsulpentruviata.md\/en\/wp-json\/wp\/v2\/posts\/2151\/revisions"}],"predecessor-version":[{"id":2376,"href":"https:\/\/www.marsulpentruviata.md\/en\/wp-json\/wp\/v2\/posts\/2151\/revisions\/2376"}],"wp:featuredmedia":[{"embeddable":true,"href":"https:\/\/www.marsulpentruviata.md\/en\/wp-json\/wp\/v2\/media\/1794"}],"wp:attachment":[{"href":"https:\/\/www.marsulpentruviata.md\/en\/wp-json\/wp\/v2\/media?parent=2151"}],"wp:term":[{"taxonomy":"category","embeddable":true,"href":"https:\/\/www.marsulpentruviata.md\/en\/wp-json\/wp\/v2\/categories?post=2151"},{"taxonomy":"post_tag","embeddable":true,"href":"https:\/\/www.marsulpentruviata.md\/en\/wp-json\/wp\/v2\/tags?post=2151"}],"curies":[{"name":"wp","href":"https:\/\/api.w.org\/{rel}","templated":true}]}}